{"id":951,"date":"2017-12-03T12:59:19","date_gmt":"2017-12-03T12:59:19","guid":{"rendered":"https:\/\/nmdesign.it\/?p=951"},"modified":"2017-12-03T12:59:19","modified_gmt":"2017-12-03T12:59:19","slug":"i-commenti-dei-piloti-ai-riordini-sambuca-e-tavarnelle","status":"publish","type":"post","link":"https:\/\/valdelsacorse.it\/?p=951","title":{"rendered":"I COMMENTI DEI PILOTI AI RIORDINI SAMBUCA E TAVARNELLE"},"content":{"rendered":"<p><strong>I COMMENTI DEI PILOTI AI RIORDINI SAMBUCA E TAVARNELLE<\/strong><\/p>\n<p><strong>MATTEUZZI HA GIOCATO UN JOLLY, D\u2019ARCIO IN TESTA A TIGNANO<\/strong><\/p>\n<p><strong>&nbsp;<\/strong><\/p>\n<p>Cos\u00ec, in piena gara, alcuni commenti dei piloti dopo le prime due prove speciali disputate al primo <strong>riordino di Sambuca Val di Pesa nello stabilimento&nbsp; Bacci Trasmissioni<\/strong> dove era stato allestito un ristoro.<\/p>\n<p><strong>Giacomo Matteuzzi<\/strong>, miglior tempo sulla prima prova speciale: \u201cHo giocato un jolly alla prima curva dopo la partenza dalla ps 1, la macchina si \u00e8 girata ma l\u2019ho ripresa. L\u00ec si arriva a staccare in sesta su una sinistra. Sono andato cauto invece, su Tignano, dove mi sono girato l\u2019anno scorso\u201d.<\/p>\n<p><strong>Paolo Lenci<\/strong>: \u201cNon va tanto bene, non sono in forma. La macchina \u00e8 perfetta, \u00e8 a posto. Non mi convince il fondo, non mi ritrovo, non lo so che c\u2019\u00e8. Non sono in giornata, vediamo le prossime prove\u201d.<\/p>\n<p><strong>Simone Borghi: <\/strong>\u201cSu Sicelle bene, su Tignano ho dovuto vedere bene come reagiva la macchina nello sconnesso\u201d.<\/p>\n<p><strong>Lorenzo Anichini<\/strong>: \u201cHo problemi alla frizione, andiamo all\u2019assistenza e cerchiamo di mettere a posto\u201d.<\/p>\n<p><strong>Lorenzo Ancillotti, <\/strong>nei primi dieci assoluti e davanti nella R2 Cup: \u201cNon ho guardato i tempi, ora non li guardo. Per il secondo giro induriamo un po\u2019 l\u2019assetto\u201d.<\/p>\n<p><strong>Luciano D\u2019Arcio<\/strong>,che ha preso la testa della corsa con autorit\u00e0 a Tignano, poi l\u2019ha perso sulla ps3 Campoli e l\u2019ha ripreso a Sicelle: \u201cSulla prima ps non si andava, con le gomme fredde, tutta la macchina fredda, poi da Tignano siamo entrati in partita e ho fatto il miglior tempo\u201d.<\/p>\n<p><strong>Luca Soravia<\/strong>: \u201cSu Sicelle bene, la conoscevo, su Tignano era nuova e ho avuto cautela\u201d. Poi Soravia dar\u00e0 un acuto sulla ps 3 di Campoli e va in testa.<\/p>\n<p><strong>Federico Feti<\/strong>: <strong>&nbsp;<\/strong>\u201cGli ammortizzatori davanti fanno i capricci, la macchina non mi piace oggi. Bene la posizione assoluta e di classe, ma la mia corsa \u00e8 su Lenci per l\u2019Open Toscana\u201d.<\/p>\n<p>&nbsp;<\/p>\n<p>Ecco invece i commenti al <strong>secondo riordino, in piazza Matteotti a Tavarnelle Val di Pesa,<\/strong> dopo la quarta prova speciale e quando ne mancano due al termine.<\/p>\n<p><strong>Daiana Ramacciotti, navigatrice di Luciano D\u2019Arcio:&nbsp; <\/strong>\u201cSi siamo tornati in testa, c\u2019\u00e8 alternanza. Sulla ps 3 Soravia ci ha superato, sulla ps 4 di Sicelle abbiamo ripreso. Ora facciamo il riordino\u201d.<\/p>\n<p><strong>Luca Soravia<\/strong>: \u201cMolto bene, ho vinto una prova (Campoli, ndr), non ci avevo mai corso prima, non la conoscevo, non l\u2019avevo mai vista. La gara ce la giochiamo all\u2019ultimo giro, daremo il massimo, facciamo il massimo\u201d.<\/p>\n<p><strong>Roberto Pais De Libera<\/strong>, navigatore di Luca Soravia: \u201cSiamo l\u00ec, dai, proviamo a vincere\u201d. La vostra R3C ha pi\u00f9 cavalli della Williams? \u201cLe vetture si equivalgono nel rapporto peso-potenza. Meno cavalli la Williams, ma pi\u00f9 leggera. Pi\u00f9 pesante la nostra anche se pi\u00f9 potente. Su Campoli la nostra ci avvantaggia un filo, su Tignano \u00e8 pi\u00f9 adatta la Williams\u201d.<\/p>\n<p><strong>Giacomo Matteuzzi<\/strong>: \u201cSulla ps 4 di Sicelle mi sono deconcentrato, ho avuto un calo di concentrazione. Mi \u00e8 entrato un pensiero in testa e ho alzato il piede\u201d.<\/p>\n<p><strong>Paolo Lenci<\/strong>: \u201cMi dispiace ma non vado come vorrei. Questo fondo mi d\u00e0 problemi, ha avvallamenti che condizionano assetto e guida. Oggi \u00e8 cos\u00ec\u201d.<\/p>\n<p><strong>Riccardo Gallo<\/strong> della Lanterna Corse di Genova \u00e8 alla seconda gara. Perch\u00e9 subito qui al Fettunta? \u201cPerch\u00e9 25 anni fa questa \u00e8 stata la seconda gara disputata da mio padre Marco Gallo e abbiamo voluto riproporre la cosa. E\u2019 un bel rally e sono contento di come sto andando. La prima gara ero 18\/o su 19, qui chiaramente sto migliorando\u201d.&nbsp;<\/p>\n<p><img loading=\"lazy\" decoding=\"async\" class=\"alignnone size-full wp-image-952\" src=\"https:\/\/valdelsacorse.it\/wp-content\/uploads\/2017\/12\/RIORDINO-2.jpg\" alt=\"RIORDINO-2\" width=\"1600\" height=\"898\" srcset=\"https:\/\/valdelsacorse.it\/wp-content\/uploads\/2017\/12\/RIORDINO-2.jpg 1600w, https:\/\/valdelsacorse.it\/wp-content\/uploads\/2017\/12\/RIORDINO-2-300x168.jpg 300w, https:\/\/valdelsacorse.it\/wp-content\/uploads\/2017\/12\/RIORDINO-2-768x431.jpg 768w, https:\/\/valdelsacorse.it\/wp-content\/uploads\/2017\/12\/RIORDINO-2-1024x575.jpg 1024w, https:\/\/valdelsacorse.it\/wp-content\/uploads\/2017\/12\/RIORDINO-2-250x140.jpg 250w, https:\/\/valdelsacorse.it\/wp-content\/uploads\/2017\/12\/RIORDINO-2-150x84.jpg 150w\" sizes=\"auto, (max-width: 1600px) 100vw, 1600px\" \/> <img loading=\"lazy\" decoding=\"async\" class=\"alignnone size-full wp-image-953\" src=\"https:\/\/valdelsacorse.it\/wp-content\/uploads\/2017\/12\/RIORDINO-1.jpg\" alt=\"RIORDINO-1\" width=\"1600\" height=\"898\" srcset=\"https:\/\/valdelsacorse.it\/wp-content\/uploads\/2017\/12\/RIORDINO-1.jpg 1600w, https:\/\/valdelsacorse.it\/wp-content\/uploads\/2017\/12\/RIORDINO-1-300x168.jpg 300w, https:\/\/valdelsacorse.it\/wp-content\/uploads\/2017\/12\/RIORDINO-1-768x431.jpg 768w, https:\/\/valdelsacorse.it\/wp-content\/uploads\/2017\/12\/RIORDINO-1-1024x575.jpg 1024w, https:\/\/valdelsacorse.it\/wp-content\/uploads\/2017\/12\/RIORDINO-1-250x140.jpg 250w, https:\/\/valdelsacorse.it\/wp-content\/uploads\/2017\/12\/RIORDINO-1-150x84.jpg 150w\" sizes=\"auto, (max-width: 1600px) 100vw, 1600px\" \/><\/p>\n","protected":false},"excerpt":{"rendered":"<p>I COMMENTI DEI PILOTI AI RIORDINI SAMBUCA E TAVARNELLE MATTEUZZI HA GIOCATO UN JOLLY, D\u2019ARCIO IN TESTA A TIGNANO &nbsp; Cos\u00ec, in piena gara, alcuni commenti dei piloti dopo le prime due prove speciali disputate al primo riordino di Sambuca Val di Pesa nello stabilimento&nbsp; Bacci Trasmissioni dove era stato\u2026<\/p>\n<p> <a class=\"continue-reading-link\" href=\"https:\/\/valdelsacorse.it\/?p=951\"><span>Continua a leggere<\/span><i class=\"crycon-right-dir\"><\/i><\/a> <\/p>\n","protected":false},"author":1,"featured_media":953,"comment_status":"closed","ping_status":"closed","sticky":false,"template":"","format":"standard","meta":{"ngg_post_thumbnail":0,"footnotes":""},"categories":[5],"tags":[],"class_list":["post-951","post","type-post","status-publish","format-standard","has-post-thumbnail","hentry","category-edizione-2017"],"_links":{"self":[{"href":"https:\/\/valdelsacorse.it\/index.php?rest_route=\/wp\/v2\/posts\/951","targetHints":{"allow":["GET"]}}],"collection":[{"href":"https:\/\/valdelsacorse.it\/index.php?rest_route=\/wp\/v2\/posts"}],"about":[{"href":"https:\/\/valdelsacorse.it\/index.php?rest_route=\/wp\/v2\/types\/post"}],"author":[{"embeddable":true,"href":"https:\/\/valdelsacorse.it\/index.php?rest_route=\/wp\/v2\/users\/1"}],"replies":[{"embeddable":true,"href":"https:\/\/valdelsacorse.it\/index.php?rest_route=%2Fwp%2Fv2%2Fcomments&post=951"}],"version-history":[{"count":1,"href":"https:\/\/valdelsacorse.it\/index.php?rest_route=\/wp\/v2\/posts\/951\/revisions"}],"predecessor-version":[{"id":954,"href":"https:\/\/valdelsacorse.it\/index.php?rest_route=\/wp\/v2\/posts\/951\/revisions\/954"}],"wp:featuredmedia":[{"embeddable":true,"href":"https:\/\/valdelsacorse.it\/index.php?rest_route=\/wp\/v2\/media\/953"}],"wp:attachment":[{"href":"https:\/\/valdelsacorse.it\/index.php?rest_route=%2Fwp%2Fv2%2Fmedia&parent=951"}],"wp:term":[{"taxonomy":"category","embeddable":true,"href":"https:\/\/valdelsacorse.it\/index.php?rest_route=%2Fwp%2Fv2%2Fcategories&post=951"},{"taxonomy":"post_tag","embeddable":true,"href":"https:\/\/valdelsacorse.it\/index.php?rest_route=%2Fwp%2Fv2%2Ftags&post=951"}],"curies":[{"name":"wp","href":"https:\/\/api.w.org\/{rel}","templated":true}]}}