{"id":859,"date":"2017-11-12T21:02:49","date_gmt":"2017-11-12T21:02:49","guid":{"rendered":"https:\/\/nmdesign.it\/?p=859"},"modified":"2025-12-05T14:13:55","modified_gmt":"2025-12-05T13:13:55","slug":"fettunta-storico-museo-viaggiante-che-ruggisce-ancora","status":"publish","type":"post","link":"https:\/\/valdelsacorse.it\/?p=859","title":{"rendered":"\u2018FETTUNTA STORICO\u2019: MUSEO VIAGGIANTE CHE RUGGISCE ANCORA"},"content":{"rendered":"<p><strong>&nbsp;\u2018FETTUNTA STORICO\u2019: MUSEO VIAGGIANTE CHE RUGGISCE ANCORA.<\/strong><\/p>\n<p><strong>LOGO RICORDA LA TRADIZIONE CON LA DICITURA \u2018QUARANTANNI\u2019.<\/strong><\/p>\n<p><strong>PASSERELLA AMMIRATISSIMA DI AUTO DA CORSA DA COLLEZIONE <\/strong><\/p>\n<p>Il \u2018<strong>Rally Storico della Fettunta\u2019<\/strong> che segue le moderne? Un <strong>museo viaggiante <\/strong>di auto che fecero il pionierismo dei rally e che ruggiscono ancora. I concorrenti su vetture che richiamano gli albori della specialit\u00e0, il 2 e 3 dicembre seguiranno integralmente il programma dei concorrenti delle moderne: stessi appuntamenti pre-gara, stesso percorso, stesse ps e stessi orari. Per la gara storica si tratta della 15\/a edizione. Un \u2018rally nel rally\u2019 che ha l\u2019onore e l\u2019onere di portare con s\u00e9 il testimone della memoria. Nel logo di questa manifestazione parallela, non a caso, \u00e8 stata aggiunta la dicitura <strong>&#8216;Quarantanni&#8217; proprio per sottolineare la lunga tradizione della corsa, partita nel 1977 <\/strong>e che prosegue ancora. Il rally storico ha un seguito di affezionati gentleman drivers molto legati a questa gara. Ogni anno contribuiscono, con le loro auto da collezione che hanno fatto un\u2019epoca, a realizzare un vero Expo itinerante che ripropone gli echi di ormai antiche avventure motoristiche nella campagna chiantigiana quando il Fettunta si correva soprattutto su sterrato (oggi, come noto, il percorso \u00e8 tutto asfalto). Il valore delle auto cresce con la partecipazione alla competizione poich\u00e9 cos\u00ec se ne dimostra l\u2019efficienza mantenuta inalterata: anche questo \u00e8 un motivo di interesse perch\u00e9 si stimola il mercato delle auto storiche da competizione e si fa cultura della tecnica. Nel 2016 la gara storica \u00e8 stata vinta dall\u2019equipaggio <em>Salvini-Tagliaferri su Porsche<\/em>, abituali frequentatori delle gare del campionato italiano delle storiche.<em>(mgi)<\/em>.<\/p>\n<p><a href=\"https:\/\/valdelsacorse.it\/wp-content\/uploads\/2017\/11\/Salvini-storico.jpg\"><img loading=\"lazy\" decoding=\"async\" class=\"alignnone wp-image-860 size-medium\" src=\"https:\/\/valdelsacorse.it\/wp-content\/uploads\/2017\/11\/Salvini-storico-300x200.jpg\" alt=\"Salvini storico\" width=\"300\" height=\"200\" srcset=\"https:\/\/valdelsacorse.it\/wp-content\/uploads\/2017\/11\/Salvini-storico-300x200.jpg 300w, https:\/\/valdelsacorse.it\/wp-content\/uploads\/2017\/11\/Salvini-storico-768x512.jpg 768w, https:\/\/valdelsacorse.it\/wp-content\/uploads\/2017\/11\/Salvini-storico-1024x682.jpg 1024w, https:\/\/valdelsacorse.it\/wp-content\/uploads\/2017\/11\/Salvini-storico-225x150.jpg 225w, https:\/\/valdelsacorse.it\/wp-content\/uploads\/2017\/11\/Salvini-storico-150x100.jpg 150w, https:\/\/valdelsacorse.it\/wp-content\/uploads\/2017\/11\/Salvini-storico.jpg 2024w\" sizes=\"auto, (max-width: 300px) 100vw, 300px\" \/><\/a><\/p>\n","protected":false},"excerpt":{"rendered":"<p>&nbsp;\u2018FETTUNTA STORICO\u2019: MUSEO VIAGGIANTE CHE RUGGISCE ANCORA. LOGO RICORDA LA TRADIZIONE CON LA DICITURA \u2018QUARANTANNI\u2019. PASSERELLA AMMIRATISSIMA DI AUTO DA CORSA DA COLLEZIONE Il \u2018Rally Storico della Fettunta\u2019 che segue le moderne? Un museo viaggiante di auto che fecero il pionierismo dei rally e che ruggiscono ancora. I concorrenti su\u2026<\/p>\n<p> <a class=\"continue-reading-link\" href=\"https:\/\/valdelsacorse.it\/?p=859\"><span>Continua a leggere<\/span><i class=\"crycon-right-dir\"><\/i><\/a> <\/p>\n","protected":false},"author":1,"featured_media":860,"comment_status":"closed","ping_status":"closed","sticky":false,"template":"","format":"standard","meta":{"ngg_post_thumbnail":0,"footnotes":""},"categories":[5],"tags":[],"class_list":["post-859","post","type-post","status-publish","format-standard","has-post-thumbnail","hentry","category-edizione-2017"],"_links":{"self":[{"href":"https:\/\/valdelsacorse.it\/index.php?rest_route=\/wp\/v2\/posts\/859","targetHints":{"allow":["GET"]}}],"collection":[{"href":"https:\/\/valdelsacorse.it\/index.php?rest_route=\/wp\/v2\/posts"}],"about":[{"href":"https:\/\/valdelsacorse.it\/index.php?rest_route=\/wp\/v2\/types\/post"}],"author":[{"embeddable":true,"href":"https:\/\/valdelsacorse.it\/index.php?rest_route=\/wp\/v2\/users\/1"}],"replies":[{"embeddable":true,"href":"https:\/\/valdelsacorse.it\/index.php?rest_route=%2Fwp%2Fv2%2Fcomments&post=859"}],"version-history":[{"count":1,"href":"https:\/\/valdelsacorse.it\/index.php?rest_route=\/wp\/v2\/posts\/859\/revisions"}],"predecessor-version":[{"id":861,"href":"https:\/\/valdelsacorse.it\/index.php?rest_route=\/wp\/v2\/posts\/859\/revisions\/861"}],"wp:featuredmedia":[{"embeddable":true,"href":"https:\/\/valdelsacorse.it\/index.php?rest_route=\/wp\/v2\/media\/860"}],"wp:attachment":[{"href":"https:\/\/valdelsacorse.it\/index.php?rest_route=%2Fwp%2Fv2%2Fmedia&parent=859"}],"wp:term":[{"taxonomy":"category","embeddable":true,"href":"https:\/\/valdelsacorse.it\/index.php?rest_route=%2Fwp%2Fv2%2Fcategories&post=859"},{"taxonomy":"post_tag","embeddable":true,"href":"https:\/\/valdelsacorse.it\/index.php?rest_route=%2Fwp%2Fv2%2Ftags&post=859"}],"curies":[{"name":"wp","href":"https:\/\/api.w.org\/{rel}","templated":true}]}}