{"id":608,"date":"2017-03-30T09:00:57","date_gmt":"2017-03-30T09:00:57","guid":{"rendered":"https:\/\/nmdesign.it\/?p=608"},"modified":"2025-12-05T14:14:15","modified_gmt":"2025-12-05T13:14:15","slug":"rally-fettunta-torna-nel-2017-e-compie-40-anni-manifestazione-e-in-calendario-al-2-3-dicembre","status":"publish","type":"post","link":"https:\/\/valdelsacorse.it\/?p=608","title":{"rendered":"RALLY FETTUNTA, TORNA NEL 2017 E COMPIE 40 ANNI. MANIFESTAZIONE E\u2019 IN CALENDARIO AL 2-3 DICEMBRE."},"content":{"rendered":"<p><strong>RALLY FETTUNTA, TORNA NEL 2017 E COMPIE 40 ANNI. MANIFESTAZIONE E\u2019 IN CALENDARIO AL 2-3 DICEMBRE.<\/strong><\/p>\n<p>&nbsp;<\/p>\n<p>Quanta strada dalla prima edizione disputata nel 1977, su strade ancora sterrate nelle campagne fra Firenze e Siena! Quest\u2019anno il Rally della Fettunta ovviamente torna e lo far\u00e0 con un motivo in pi\u00f9: il compleanno dei 40 anni, che lo confermano come una delle gare pi\u00f9 longeve in Italia. Aci Sport ha inserito la manifestazione nel calendario nazionale delle gare per il prossimo 2-3 dicembre, mantenendo la tradizione. Il Fettunta infatti si \u00e8 sempre corso nel mese di dicembre, consueta chiusura della stagione rallistica italiana e motivo di apprezzamento da parte di equipaggi provenienti da tutta la penisola. E intanto la Valdelsa Corse \u2018riaccende i motori\u2019 della sua macchina organizzativa, che ha gi\u00e0 dato ottima prova di s\u00e9 nelle ultime edizioni, ricevendo plausi dagli addetti ai lavori e da osservatori importanti. Tra le conferme, il Fettunta 2017 si disputer\u00e0, come al solito, nel tradizionale \u2018format\u2019 di gara breve, versione rallyday, da \u2018bruciare\u2019 in una giornata. E\u2019 la tradizionale caratteristica che lo accompagna dalle prime edizioni e che non \u00e8 mai stata abbandonata.&nbsp;&nbsp; Confermato anche il Fettunta Storico riservato alle auto da rally storiche.<\/p>\n<p><img loading=\"lazy\" decoding=\"async\" class=\"alignnone size-full wp-image-609\" src=\"https:\/\/valdelsacorse.it\/wp-content\/uploads\/2017\/03\/PODIO-FETTUNTA-20161F5A6007.jpg\" alt=\"PODIO FETTUNTA 20161F5A6007\" height=\"1320\" width=\"1980\" srcset=\"https:\/\/valdelsacorse.it\/wp-content\/uploads\/2017\/03\/PODIO-FETTUNTA-20161F5A6007.jpg 1980w, https:\/\/valdelsacorse.it\/wp-content\/uploads\/2017\/03\/PODIO-FETTUNTA-20161F5A6007-300x200.jpg 300w, https:\/\/valdelsacorse.it\/wp-content\/uploads\/2017\/03\/PODIO-FETTUNTA-20161F5A6007-768x512.jpg 768w, https:\/\/valdelsacorse.it\/wp-content\/uploads\/2017\/03\/PODIO-FETTUNTA-20161F5A6007-1024x683.jpg 1024w, https:\/\/valdelsacorse.it\/wp-content\/uploads\/2017\/03\/PODIO-FETTUNTA-20161F5A6007-225x150.jpg 225w, https:\/\/valdelsacorse.it\/wp-content\/uploads\/2017\/03\/PODIO-FETTUNTA-20161F5A6007-150x100.jpg 150w\" sizes=\"auto, (max-width: 1980px) 100vw, 1980px\" \/><\/p>\n","protected":false},"excerpt":{"rendered":"<p>RALLY FETTUNTA, TORNA NEL 2017 E COMPIE 40 ANNI. MANIFESTAZIONE E\u2019 IN CALENDARIO AL 2-3 DICEMBRE. &nbsp; Quanta strada dalla prima edizione disputata nel 1977, su strade ancora sterrate nelle campagne fra Firenze e Siena! Quest\u2019anno il Rally della Fettunta ovviamente torna e lo far\u00e0 con un motivo in pi\u00f9:\u2026<\/p>\n<p> <a class=\"continue-reading-link\" href=\"https:\/\/valdelsacorse.it\/?p=608\"><span>Continua a leggere<\/span><i class=\"crycon-right-dir\"><\/i><\/a> <\/p>\n","protected":false},"author":1,"featured_media":609,"comment_status":"closed","ping_status":"closed","sticky":false,"template":"","format":"standard","meta":{"ngg_post_thumbnail":0,"footnotes":""},"categories":[3],"tags":[],"class_list":["post-608","post","type-post","status-publish","format-standard","has-post-thumbnail","hentry","category-edizione-2016"],"_links":{"self":[{"href":"https:\/\/valdelsacorse.it\/index.php?rest_route=\/wp\/v2\/posts\/608","targetHints":{"allow":["GET"]}}],"collection":[{"href":"https:\/\/valdelsacorse.it\/index.php?rest_route=\/wp\/v2\/posts"}],"about":[{"href":"https:\/\/valdelsacorse.it\/index.php?rest_route=\/wp\/v2\/types\/post"}],"author":[{"embeddable":true,"href":"https:\/\/valdelsacorse.it\/index.php?rest_route=\/wp\/v2\/users\/1"}],"replies":[{"embeddable":true,"href":"https:\/\/valdelsacorse.it\/index.php?rest_route=%2Fwp%2Fv2%2Fcomments&post=608"}],"version-history":[{"count":1,"href":"https:\/\/valdelsacorse.it\/index.php?rest_route=\/wp\/v2\/posts\/608\/revisions"}],"predecessor-version":[{"id":610,"href":"https:\/\/valdelsacorse.it\/index.php?rest_route=\/wp\/v2\/posts\/608\/revisions\/610"}],"wp:featuredmedia":[{"embeddable":true,"href":"https:\/\/valdelsacorse.it\/index.php?rest_route=\/wp\/v2\/media\/609"}],"wp:attachment":[{"href":"https:\/\/valdelsacorse.it\/index.php?rest_route=%2Fwp%2Fv2%2Fmedia&parent=608"}],"wp:term":[{"taxonomy":"category","embeddable":true,"href":"https:\/\/valdelsacorse.it\/index.php?rest_route=%2Fwp%2Fv2%2Fcategories&post=608"},{"taxonomy":"post_tag","embeddable":true,"href":"https:\/\/valdelsacorse.it\/index.php?rest_route=%2Fwp%2Fv2%2Ftags&post=608"}],"curies":[{"name":"wp","href":"https:\/\/api.w.org\/{rel}","templated":true}]}}