{"id":582,"date":"2016-12-16T15:42:25","date_gmt":"2016-12-16T15:42:25","guid":{"rendered":"https:\/\/nmdesign.it\/?p=582"},"modified":"2017-10-22T18:44:37","modified_gmt":"2017-10-22T18:44:37","slug":"laltro-fettunta-trofeo-r2-cup-ad-ancillotti-su-opel-adam","status":"publish","type":"post","link":"https:\/\/valdelsacorse.it\/?p=582","title":{"rendered":"L\u2019ALTRO FETTUNTA \/ TROFEO R2 CUP AD ANCILLOTTI SU OPEL ADAM"},"content":{"rendered":"<p><strong>L\u2019ALTRO FETTUNTA \/ TROFEO R2 CUP AD ANCILLOTTI SU OPEL ADAM. MA BENNATI NON HA MOLLATO MAI <\/strong><\/p>\n<p>L\u2019equipaggio fiorentino Ancillotti-Sanesi ha primeggiato nella classe R2b per tutto il Rally della Fettunta e si \u00e8 portato a casa anche la porzione pi\u00f9 generosa del montepremi messo in palio dalla Valdelsa Corse, 700 euro pi\u00f9 l\u2019iscrizione gratis al Fettunta 2017. Ma i secondi, Bennati-Butelli su Peugeot 208 R2b, non hanno mollato mai e sono rimasti sempre nella scia pronti a cogliere un minimo errore del fiorentino. Che, comunque, non c\u2019\u00e8 stato. Ancillotti ha fatto valere la maggiore dimestichezza dell\u2019Opel Adam sugli asfalti autunnali, condizione che gli ha permesso di segnare acuti importanti nella classifica assoluta, dove nel finale per\u00f2 \u00e8 scivolato all\u2019ottavo posto dopo esser stato anche quarto dopo la ps3. \u201cSono andati tutti forte sull\u2019ultimo giro di prove. Eravamo quinti assoluti, poi nelle ultime due ps ci hanno messi dietro e abbiamo finito ottavi assoluti &#8211; spiega Ancillotti -. D\u2019altronde le condizioni erano particolari. Bel rally comunque, e questa formula delle tre prove diverse, anzich\u00e9 le solite due che si trovano nei rallyday, ti d\u00e0 pi\u00f9 la sensazione di rally, si entra in una gara vera, anche se breve\u201d.&nbsp; \u201cE\u2019 stato un rally difficilissimo \u2013 ha commentato il suo inseguitore di classe, Fabio Bennati \u2013 Questo Fettunta ha prove molto impegnative, \u00e8 stato importante arrivare al traguardo\u201d. Bennati \u00e8 secondo della R2Cup con Umberto Butelli e vince 300 euro pi\u00f9 l\u2019iscrizione. Sempre dal montepremi della R2 Cup, la terza iscrizione gratuita a&nbsp; montepremi per partecipare al Rally della Fettunta 2017 va al terzo equipaggio della classe R2b formato da Gianmarco Menegol e Titti Ghilardi su Renault Twingo. <strong><u>Classifica e premi Trofeo R2 Cup Rally della Fettunta<\/u><\/strong><u> <strong>2016 <\/strong><\/u><strong>: 1. Ancillotti-Sanesi \/ Opel Adam (700 euro + iscrizione gratuita al Fettunta 2017) ; 2. Bennati \u2013 Butelli \/ Peugeot 208 (300 euro + iscrizione gratuita al Fettunta 2017) ; 3. Menegol \u2013 Ghilardi \/ Renault Twingo (iscrizione gratuita al Fettunta 2017).<\/strong><\/p>\n","protected":false},"excerpt":{"rendered":"<p>L\u2019ALTRO FETTUNTA \/ TROFEO R2 CUP AD ANCILLOTTI SU OPEL ADAM. MA BENNATI NON HA MOLLATO MAI L\u2019equipaggio fiorentino Ancillotti-Sanesi ha primeggiato nella classe R2b per tutto il Rally della Fettunta e si \u00e8 portato a casa anche la porzione pi\u00f9 generosa del montepremi messo in palio dalla Valdelsa Corse,\u2026<\/p>\n<p> <a class=\"continue-reading-link\" href=\"https:\/\/valdelsacorse.it\/?p=582\"><span>Continua a leggere<\/span><i class=\"crycon-right-dir\"><\/i><\/a> <\/p>\n","protected":false},"author":1,"featured_media":583,"comment_status":"closed","ping_status":"closed","sticky":false,"template":"","format":"standard","meta":{"ngg_post_thumbnail":0,"footnotes":""},"categories":[3,1],"tags":[],"class_list":["post-582","post","type-post","status-publish","format-standard","has-post-thumbnail","hentry","category-edizione-2016","category-uncategorized"],"_links":{"self":[{"href":"https:\/\/valdelsacorse.it\/index.php?rest_route=\/wp\/v2\/posts\/582","targetHints":{"allow":["GET"]}}],"collection":[{"href":"https:\/\/valdelsacorse.it\/index.php?rest_route=\/wp\/v2\/posts"}],"about":[{"href":"https:\/\/valdelsacorse.it\/index.php?rest_route=\/wp\/v2\/types\/post"}],"author":[{"embeddable":true,"href":"https:\/\/valdelsacorse.it\/index.php?rest_route=\/wp\/v2\/users\/1"}],"replies":[{"embeddable":true,"href":"https:\/\/valdelsacorse.it\/index.php?rest_route=%2Fwp%2Fv2%2Fcomments&post=582"}],"version-history":[{"count":1,"href":"https:\/\/valdelsacorse.it\/index.php?rest_route=\/wp\/v2\/posts\/582\/revisions"}],"predecessor-version":[{"id":584,"href":"https:\/\/valdelsacorse.it\/index.php?rest_route=\/wp\/v2\/posts\/582\/revisions\/584"}],"wp:featuredmedia":[{"embeddable":true,"href":"https:\/\/valdelsacorse.it\/index.php?rest_route=\/wp\/v2\/media\/583"}],"wp:attachment":[{"href":"https:\/\/valdelsacorse.it\/index.php?rest_route=%2Fwp%2Fv2%2Fmedia&parent=582"}],"wp:term":[{"taxonomy":"category","embeddable":true,"href":"https:\/\/valdelsacorse.it\/index.php?rest_route=%2Fwp%2Fv2%2Fcategories&post=582"},{"taxonomy":"post_tag","embeddable":true,"href":"https:\/\/valdelsacorse.it\/index.php?rest_route=%2Fwp%2Fv2%2Ftags&post=582"}],"curies":[{"name":"wp","href":"https:\/\/api.w.org\/{rel}","templated":true}]}}