{"id":537,"date":"2016-12-10T19:42:02","date_gmt":"2016-12-10T19:42:02","guid":{"rendered":"https:\/\/nmdesign.it\/?p=537"},"modified":"2017-10-22T18:44:37","modified_gmt":"2017-10-22T18:44:37","slug":"ancillotti-menegol-e-bennati-sono-i-moschettieri-della-r2-cup-del-fettunta","status":"publish","type":"post","link":"https:\/\/valdelsacorse.it\/?p=537","title":{"rendered":"ANCILLOTTI, MENEGOL E BENNATI SONO I  MOSCHETTIERI DELLA R2 CUP DEL FETTUNTA"},"content":{"rendered":"<p><strong>ANCILLOTTI, MENEGOL E BENNATI SONO I&nbsp; MOSCHETTIERI DELLA R2 CUP DEL FETTUNTA<\/strong><\/p>\n<p>Tre&nbsp; \u2018moschettieri\u2019 per la&nbsp; R2 Cup , il trofeo su \u2018gara secca\u2019 inventato dalla Valdelsa Corse dentro il Rally della Fettunta che distribuisce ai concorrenti della classe R2B un montepremi del valore di 1.000 euro ed iscrizioni gratis all\u2019edizione del 2017, quella del quarantennale. Sono <strong>Lorenzo Ancillotti<\/strong> di Firenze con l\u2019eccellente Opel Adam, vettura che viene poco usata in Italia e che, invece, \u00e8 molto impiegata per le sue ottime performance nel resto d\u2019Europa; il pratese <strong>Gianmarco Menegol<\/strong>, navigato da <strong>Titti Ghilardi <\/strong>su una sicura Peugeot 208; <strong>Fabio Bennati<\/strong> con <strong>Umberto Butelli <\/strong>sulla brillante Renault Twingo della Rally Experience.<\/p>\n<p>Per tutti d\u00e0 una sua valutazione della gara il fiorentino <strong>Sandro Sanesi<\/strong>, decano dei rally con 35 anni di licenza (fra poco sono 36) e avviato verso i 400 rally disputati. \u201cL\u2019idea di rinnovare questo Fettunta allestendo tre ps diverse da ripetere \u2013 spiega Sanesi, che \u00e8 il \u2018naviga\u2019 di Ancillotti \u2013 \u00e8 un ritorno ai vecchi rallysprint. Cos\u00ec rispetto agli altri rallyday questo diventa un rally pi\u00f9 completo, con un percorso pi\u00f9 assortito. Il tracciato non mi dispiace. La prova di Sicelle \u00e8 la pi\u00f9 completa, insidiosa per i tratti all\u2019ombra che mantengono l\u2019asfalto sempre umido, ci sono pezzi in cui non si asciuga, specie nella parte alta, non ci batte il sole. La Cortine-Tignano ha uno standard abbastanza veloce. L\u2019avevo vista fare sterrata da spettatore-ragazzino in un vecchio Fettunta di quasi 40 anni fa, \u00e8 davvero nuova per tutti. La Fabbrica-Campoli ha un primo pezzo nuovo, ma poi venne usata nel vecchio Impruneta Rally; \u00e8 la classica prova collinare toscana, con saliscendi, dossi e sconnesso in traiettoria. E\u2019 un rally, questo, che richiede uno studio attento e un\u2019interpretazione corretta della strada, metro dopo metro. Queste sono le gare da fare\u201d. &nbsp;&nbsp;&nbsp;<\/p>\n","protected":false},"excerpt":{"rendered":"<p>ANCILLOTTI, MENEGOL E BENNATI SONO I&nbsp; MOSCHETTIERI DELLA R2 CUP DEL FETTUNTA Tre&nbsp; \u2018moschettieri\u2019 per la&nbsp; R2 Cup , il trofeo su \u2018gara secca\u2019 inventato dalla Valdelsa Corse dentro il Rally della Fettunta che distribuisce ai concorrenti della classe R2B un montepremi del valore di 1.000 euro ed iscrizioni gratis\u2026<\/p>\n<p> <a class=\"continue-reading-link\" href=\"https:\/\/valdelsacorse.it\/?p=537\"><span>Continua a leggere<\/span><i class=\"crycon-right-dir\"><\/i><\/a> <\/p>\n","protected":false},"author":1,"featured_media":538,"comment_status":"closed","ping_status":"closed","sticky":false,"template":"","format":"standard","meta":{"ngg_post_thumbnail":0,"footnotes":""},"categories":[3,1],"tags":[],"class_list":["post-537","post","type-post","status-publish","format-standard","has-post-thumbnail","hentry","category-edizione-2016","category-uncategorized"],"_links":{"self":[{"href":"https:\/\/valdelsacorse.it\/index.php?rest_route=\/wp\/v2\/posts\/537","targetHints":{"allow":["GET"]}}],"collection":[{"href":"https:\/\/valdelsacorse.it\/index.php?rest_route=\/wp\/v2\/posts"}],"about":[{"href":"https:\/\/valdelsacorse.it\/index.php?rest_route=\/wp\/v2\/types\/post"}],"author":[{"embeddable":true,"href":"https:\/\/valdelsacorse.it\/index.php?rest_route=\/wp\/v2\/users\/1"}],"replies":[{"embeddable":true,"href":"https:\/\/valdelsacorse.it\/index.php?rest_route=%2Fwp%2Fv2%2Fcomments&post=537"}],"version-history":[{"count":1,"href":"https:\/\/valdelsacorse.it\/index.php?rest_route=\/wp\/v2\/posts\/537\/revisions"}],"predecessor-version":[{"id":539,"href":"https:\/\/valdelsacorse.it\/index.php?rest_route=\/wp\/v2\/posts\/537\/revisions\/539"}],"wp:featuredmedia":[{"embeddable":true,"href":"https:\/\/valdelsacorse.it\/index.php?rest_route=\/wp\/v2\/media\/538"}],"wp:attachment":[{"href":"https:\/\/valdelsacorse.it\/index.php?rest_route=%2Fwp%2Fv2%2Fmedia&parent=537"}],"wp:term":[{"taxonomy":"category","embeddable":true,"href":"https:\/\/valdelsacorse.it\/index.php?rest_route=%2Fwp%2Fv2%2Fcategories&post=537"},{"taxonomy":"post_tag","embeddable":true,"href":"https:\/\/valdelsacorse.it\/index.php?rest_route=%2Fwp%2Fv2%2Ftags&post=537"}],"curies":[{"name":"wp","href":"https:\/\/api.w.org\/{rel}","templated":true}]}}