{"id":513,"date":"2016-12-10T11:23:03","date_gmt":"2016-12-10T11:23:03","guid":{"rendered":"https:\/\/nmdesign.it\/?p=513"},"modified":"2017-10-22T18:44:37","modified_gmt":"2017-10-22T18:44:37","slug":"il-saluto-di-vareno-grassini-ai-concorrenti-del-rally-della-fettunta","status":"publish","type":"post","link":"https:\/\/valdelsacorse.it\/?p=513","title":{"rendered":"IL SALUTO DI VARENO GRASSINI AI CONCORRENTI DEL RALLY DELLA FETTUNTA"},"content":{"rendered":"<p><strong>IL SALUTO DI VARENO GRASSINI AI CONCORRENTI DEL RALLY DELLA FETTUNTA: \u2018IL FETTUNTA E\u2019 GARA SOLIDA E HA UN LUNGO FUTURO\u2019. &nbsp;<\/strong><\/p>\n<p>&nbsp;&nbsp; Il senese Vareno Grassini, uno dei rallisti italiani pi\u00f9 forti negli anni \u201980 e \u201990, tra i pi\u00f9 eccellenti esponenti della cosiddetta \u2018scuola toscana\u2019 dei rally, d\u00e0 il suo saluto ai concorrenti del Rally della Fettunta 2016, gara di cui rivela pregi e vantaggi mai venuti meno nonostante le epoche e i cambiamenti. Vareno Grassini non cura pi\u00f9 da tempo l\u2019organizzazione della corsa ma nonostante questo rimane una delle \u2018anime\u2019 storiche del \u2018Fettunta\u2019 riconosciuto come tale universalmente da tutti. Il testo \u00e8 frutto di una conversazione con il responsabile dell\u2019Ufficio Stampa della manifestazione.<\/p>\n<p>&nbsp;&nbsp; <strong><u>I punti di forza<\/u><\/strong>. \u201cCi sono vari motivi che, messi insieme, aiutano il Rally della Fettunta a rimanere sempre sulla breccia nonostante i decenni trascorsi dalla prima edizione e le trasformazioni dello sport e della societ\u00e0 \u2013 dice Vareno Grassini -. Uno dei fattori di successo \u00e8 sicuramente il piacere di soggiornare in Toscana dove si possono trascorrere alcuni giorni di relax con la famiglia col pretesto di correre in una gara nel Chianti, vicino a citt\u00e0 d\u2019arte come Firenze e Siena. Per questo ogni anno tanti vengono a correre qui da fuori regione. E\u2019 sempre stato cos\u00ec fin dal 1977. Questo, da sempre, \u00e8 il segreto del Rally della Fettunta, che tra l\u2019altro \u00e8 sempre stato vicino di data alla festa dell\u20198 dicembre, un momento che ha facilitato, per piloti e familiari, l\u2019organizzazione di un \u2018ponte\u2019 in Toscana. Inoltre \u00e8 sempre stato apprezzato per le sue caratteristiche tecniche e sportive che hanno sempre garantito il divertimento ed esaltato le qualit\u00e0 di pilotaggio dei concorrenti.&nbsp; La zona di Tavarnelle e Barberino inoltre si \u00e8 rivelata molto recettiva, i sindaci hanno accolto bene la corsa e i Comuni sono molto collaborativi anche perch\u00e9 saggiamente viene colta l\u2019occasione che un evento sportivo consolidato come questo pu\u00f2 dare\u201d.<\/p>\n<p>&nbsp;&nbsp; <strong><u>Le novit\u00e0 del percorso<\/u><\/strong>. \u201cOra il tracciato \u00e8 molto cambiato rispetto alle origini quando percorrevamo Linari, Poneta, Zambra, Monsanto ,\u2013 sottolinea Vareno Grassini -. Come \u00e8 risaputo, da tre anni la gara \u00e8 stata riportata nella provincia di Firenze dopo una lunga parentesi di circa 15 anni nel Senese, a Casole d\u2019Elsa, dove avemmo un buon ritorno, e a Radicondoli, dove ci fu poi qualche difficolt\u00e0. Quelle scelte ci fecero allontanare dalle direttrici pi\u00f9 battute fra Firenze e Siena. Ora il rally torna verso la Cassia e il Chianti, ci sono nuove prove speciali, addirittura ci spingiamo fino a San Casciano. Le prove sono belle, diverse per caratteristiche fra loro. La ps pi\u00f9 completa \u00e8 la Piazza-Sicelle, mentre pi\u00f9 adatte ai velocisti sono le ps Cortine e Fabbrica.<\/p>\n<p>&nbsp; <strong><u>L\u2019organizzazione e gli \u2018eredi\u2019<\/u><\/strong>.&nbsp; \u201cNel tempo ho contribuito all\u2019organizzazione del Fettunta per alcuni decenni, e da presidente della Squadra Corse Valdelsa l\u2019ho direttamente organizzato in prima persona negli anni 2000 fino a che con gli altri consiglieri della scuderia abbiamo deciso di fare un passo indietro e cedere il testimone a un gruppo di \u2018eredi\u2019, tutti giovani molto motivati che collaborano bene insieme, stanno crescendo, e questo fa piacere a me a tutti i \u2018vecchi\u2019 della Valdelsa Corse. Sono sicuro che il Fettunta con questo nuovo gruppo di lavoro avr\u00e0 un lungo futuro\u201d.<\/p>\n","protected":false},"excerpt":{"rendered":"<p>IL SALUTO DI VARENO GRASSINI AI CONCORRENTI DEL RALLY DELLA FETTUNTA: \u2018IL FETTUNTA E\u2019 GARA SOLIDA E HA UN LUNGO FUTURO\u2019. &nbsp; &nbsp;&nbsp; Il senese Vareno Grassini, uno dei rallisti italiani pi\u00f9 forti negli anni \u201980 e \u201990, tra i pi\u00f9 eccellenti esponenti della cosiddetta \u2018scuola toscana\u2019 dei rally, d\u00e0\u2026<\/p>\n<p> <a class=\"continue-reading-link\" href=\"https:\/\/valdelsacorse.it\/?p=513\"><span>Continua a leggere<\/span><i class=\"crycon-right-dir\"><\/i><\/a> <\/p>\n","protected":false},"author":1,"featured_media":514,"comment_status":"closed","ping_status":"closed","sticky":false,"template":"","format":"standard","meta":{"ngg_post_thumbnail":0,"footnotes":""},"categories":[3,1],"tags":[],"class_list":["post-513","post","type-post","status-publish","format-standard","has-post-thumbnail","hentry","category-edizione-2016","category-uncategorized"],"_links":{"self":[{"href":"https:\/\/valdelsacorse.it\/index.php?rest_route=\/wp\/v2\/posts\/513","targetHints":{"allow":["GET"]}}],"collection":[{"href":"https:\/\/valdelsacorse.it\/index.php?rest_route=\/wp\/v2\/posts"}],"about":[{"href":"https:\/\/valdelsacorse.it\/index.php?rest_route=\/wp\/v2\/types\/post"}],"author":[{"embeddable":true,"href":"https:\/\/valdelsacorse.it\/index.php?rest_route=\/wp\/v2\/users\/1"}],"replies":[{"embeddable":true,"href":"https:\/\/valdelsacorse.it\/index.php?rest_route=%2Fwp%2Fv2%2Fcomments&post=513"}],"version-history":[{"count":1,"href":"https:\/\/valdelsacorse.it\/index.php?rest_route=\/wp\/v2\/posts\/513\/revisions"}],"predecessor-version":[{"id":515,"href":"https:\/\/valdelsacorse.it\/index.php?rest_route=\/wp\/v2\/posts\/513\/revisions\/515"}],"wp:featuredmedia":[{"embeddable":true,"href":"https:\/\/valdelsacorse.it\/index.php?rest_route=\/wp\/v2\/media\/514"}],"wp:attachment":[{"href":"https:\/\/valdelsacorse.it\/index.php?rest_route=%2Fwp%2Fv2%2Fmedia&parent=513"}],"wp:term":[{"taxonomy":"category","embeddable":true,"href":"https:\/\/valdelsacorse.it\/index.php?rest_route=%2Fwp%2Fv2%2Fcategories&post=513"},{"taxonomy":"post_tag","embeddable":true,"href":"https:\/\/valdelsacorse.it\/index.php?rest_route=%2Fwp%2Fv2%2Ftags&post=513"}],"curies":[{"name":"wp","href":"https:\/\/api.w.org\/{rel}","templated":true}]}}