{"id":468,"date":"2016-12-08T17:42:01","date_gmt":"2016-12-08T17:42:01","guid":{"rendered":"https:\/\/nmdesign.it\/?p=468"},"modified":"2017-10-22T18:44:37","modified_gmt":"2017-10-22T18:44:37","slug":"il-fettunta-e-il-rally-di-italia-record-di-8-regioni-rappresentate","status":"publish","type":"post","link":"https:\/\/valdelsacorse.it\/?p=468","title":{"rendered":"IL FETTUNTA E\u2019 IL RALLY DI ITALIA: RECORD DI 8 REGIONI RAPPRESENTATE"},"content":{"rendered":"<p><strong>IL FETTUNTA E\u2019 IL RALLY DI ITALIA: RECORD DI 8 REGIONI RAPPRESENTATE FRA I 71 ISCRITTI ALLA CORSA DEL CHIANTI &nbsp;<\/strong><\/p>\n<p>Il <strong><u>38\/o nuovo Rally della Fettunta 2016<\/u><\/strong>, a poche ore dal via, conferma la sua caratura di gara nazionale con <strong><u>71 iscritti in rappresentanza di ben otto regioni<\/u> italiane (un record) e la presenza prestigiosa, per svolgere una gara-test, della Renault Italia con Federico Gasperetti, <\/strong>vincitore cinque volte della corsa e tra i pi\u00f9 forti piloti italiani in attivit\u00e0. <strong>\u201c<\/strong>Stiamo entrando nel \u2018clima gara\u2019 e <strong>registriamo un grande fermento intorno ai partecipanti che stanno raggiungendo in queste ore il Chianti \u2013 <\/strong>spiegano<strong> Marco Piazzini e Matteo Corti <\/strong>del comitato organizzatore<strong> della scuderia Valdelsa Corse \u2013<\/strong> Anche per questa edizione <strong>il Rallyday della Fettunta si conferma gara solida capace di esercitare un grande richiamo visto che il 20% degli iscritti proviene da fuori Toscana, <\/strong>cosa importante anche per il turismo fuori stagione\u201d<strong>. &nbsp;<\/strong>Una percentuale in linea con la tradizione di questa manifestazione che fin dagli albori si \u00e8 distinta per la cortesia e la cpacit\u00e0 di accoglienza della scuderia Valdelsa Corse. Le otto regioni presenti sono: Toscana, Veneto (la pi\u00f9 numerosa), Molise, Liguria, Lombardia, Marche, Piemonte, Emilia Romagna. \u201cDa un punto di vista sportivo \u2013 proseguono gli organizzatori &#8211; <strong>segnaliamo presenze di prestigio come la Renault Italia, che viene a testare qui la Twingo evoluta destinata al Trofeo 2017 e il parterre di vetture storiche numeroso e di qualit\u00e0 che disputano il Fettunta Storico\u201c.<\/strong><\/p>\n<p>&nbsp;<\/p>\n","protected":false},"excerpt":{"rendered":"<p>IL FETTUNTA E\u2019 IL RALLY DI ITALIA: RECORD DI 8 REGIONI RAPPRESENTATE FRA I 71 ISCRITTI ALLA CORSA DEL CHIANTI &nbsp; Il 38\/o nuovo Rally della Fettunta 2016, a poche ore dal via, conferma la sua caratura di gara nazionale con 71 iscritti in rappresentanza di ben otto regioni italiane\u2026<\/p>\n<p> <a class=\"continue-reading-link\" href=\"https:\/\/valdelsacorse.it\/?p=468\"><span>Continua a leggere<\/span><i class=\"crycon-right-dir\"><\/i><\/a> <\/p>\n","protected":false},"author":1,"featured_media":470,"comment_status":"closed","ping_status":"closed","sticky":false,"template":"","format":"standard","meta":{"ngg_post_thumbnail":0,"footnotes":""},"categories":[3,1],"tags":[],"class_list":["post-468","post","type-post","status-publish","format-standard","has-post-thumbnail","hentry","category-edizione-2016","category-uncategorized"],"_links":{"self":[{"href":"https:\/\/valdelsacorse.it\/index.php?rest_route=\/wp\/v2\/posts\/468","targetHints":{"allow":["GET"]}}],"collection":[{"href":"https:\/\/valdelsacorse.it\/index.php?rest_route=\/wp\/v2\/posts"}],"about":[{"href":"https:\/\/valdelsacorse.it\/index.php?rest_route=\/wp\/v2\/types\/post"}],"author":[{"embeddable":true,"href":"https:\/\/valdelsacorse.it\/index.php?rest_route=\/wp\/v2\/users\/1"}],"replies":[{"embeddable":true,"href":"https:\/\/valdelsacorse.it\/index.php?rest_route=%2Fwp%2Fv2%2Fcomments&post=468"}],"version-history":[{"count":1,"href":"https:\/\/valdelsacorse.it\/index.php?rest_route=\/wp\/v2\/posts\/468\/revisions"}],"predecessor-version":[{"id":469,"href":"https:\/\/valdelsacorse.it\/index.php?rest_route=\/wp\/v2\/posts\/468\/revisions\/469"}],"wp:featuredmedia":[{"embeddable":true,"href":"https:\/\/valdelsacorse.it\/index.php?rest_route=\/wp\/v2\/media\/470"}],"wp:attachment":[{"href":"https:\/\/valdelsacorse.it\/index.php?rest_route=%2Fwp%2Fv2%2Fmedia&parent=468"}],"wp:term":[{"taxonomy":"category","embeddable":true,"href":"https:\/\/valdelsacorse.it\/index.php?rest_route=%2Fwp%2Fv2%2Fcategories&post=468"},{"taxonomy":"post_tag","embeddable":true,"href":"https:\/\/valdelsacorse.it\/index.php?rest_route=%2Fwp%2Fv2%2Ftags&post=468"}],"curies":[{"name":"wp","href":"https:\/\/api.w.org\/{rel}","templated":true}]}}