{"id":457,"date":"2016-12-08T17:08:29","date_gmt":"2016-12-08T17:08:29","guid":{"rendered":"https:\/\/nmdesign.it\/?p=457"},"modified":"2017-10-22T18:44:38","modified_gmt":"2017-10-22T18:44:38","slug":"rally-fettunta-storico-grande-successo-con-21-iscritti-al-via","status":"publish","type":"post","link":"https:\/\/valdelsacorse.it\/?p=457","title":{"rendered":"RALLY \u2018FETTUNTA STORICO\u2019, GRANDE SUCCESSO CON 21 ISCRITTI AL VIA"},"content":{"rendered":"<p><strong>RALLY \u2018FETTUNTA STORICO\u2019, GRANDE SUCCESSO CON 21 ISCRITTI AL VIA. DAL CAMPIONATO ITALIANO ARRIVA IL SENESE ALBERTO SALVINI CON LA PORSCHE<\/strong><\/p>\n<p>Grande successo fra gli iscritti delle auto storiche del <strong><u>14\/o Rally Fettunta Storico<\/u><\/strong>: 21 sono gli equipaggi in gara e grande \u00e8 la qualit\u00e0 di piloti e macchine. Il numero di iscritti \u00e8 il pi\u00f9 alto registrato in un rally storico collocato a fianco di un rally moderno in Toscana nel 2016. Favorito il senese <strong>Alberto Salvini<\/strong> tra i piloti protagonisti del campionato italiano: \u00e8 con la sua Porsche 911 Rs ed \u00e8 \u2018navigato\u2019 da <strong>Davide Tagliaferri<\/strong> di Barberino Val d\u2019Elsa. Altri driver che possono puntare al successo sono <strong>Gianmarco Marcori<\/strong>, sempre con la Porsche, e poi<strong> Marco Bertelli<\/strong> su Opel Ascona 400, <strong>Piergiorgio Barsanti<\/strong> su Ford Escort Rs 2000 con <strong>Christian Pollini<\/strong> alle note, <strong>Marco Nuti<\/strong> su Renault 5 Maxi Turbo. E ancora, le Alfa di <strong>Gianluigi Baghin <\/strong>e <strong>Moreno Carraro<\/strong>, la Kadett Gte di<strong> Paolo Gargani<\/strong>, la Porsche 356 di Vincenzo Rossi con Francesco Sammicheli. C\u2019\u00e8 anche su una Renault 5 1600 <strong>Adelchi Gasperetti<\/strong>, fratello di Federico Gasperetti, recordman di vittorie del Fettunta moderno. Una grande carrellata di tecnica e storia che aprir\u00e0 la carovana del Fettunta. E tra i locali, l\u2019equipaggio formato da <strong>Andrea Bossini e Dimitri Pistolesi<\/strong> della Valdelsa Corse metteranno alla frusta una ottima A112 Abarth, piccola vettura che ha contribuito a fare dei rally un grande sport. Il Fettunta Storico percorre lo stesso percorso del rallyday col privilegio, salvo decisioni contrarie dell\u2019ultimo momento, di calcare prima delle moderne le strade del Chianti.<\/p>\n","protected":false},"excerpt":{"rendered":"<p>RALLY \u2018FETTUNTA STORICO\u2019, GRANDE SUCCESSO CON 21 ISCRITTI AL VIA. DAL CAMPIONATO ITALIANO ARRIVA IL SENESE ALBERTO SALVINI CON LA PORSCHE Grande successo fra gli iscritti delle auto storiche del 14\/o Rally Fettunta Storico: 21 sono gli equipaggi in gara e grande \u00e8 la qualit\u00e0 di piloti e macchine. Il\u2026<\/p>\n<p> <a class=\"continue-reading-link\" href=\"https:\/\/valdelsacorse.it\/?p=457\"><span>Continua a leggere<\/span><i class=\"crycon-right-dir\"><\/i><\/a> <\/p>\n","protected":false},"author":1,"featured_media":458,"comment_status":"closed","ping_status":"closed","sticky":false,"template":"","format":"standard","meta":{"ngg_post_thumbnail":0,"footnotes":""},"categories":[3,1],"tags":[],"class_list":["post-457","post","type-post","status-publish","format-standard","has-post-thumbnail","hentry","category-edizione-2016","category-uncategorized"],"_links":{"self":[{"href":"https:\/\/valdelsacorse.it\/index.php?rest_route=\/wp\/v2\/posts\/457","targetHints":{"allow":["GET"]}}],"collection":[{"href":"https:\/\/valdelsacorse.it\/index.php?rest_route=\/wp\/v2\/posts"}],"about":[{"href":"https:\/\/valdelsacorse.it\/index.php?rest_route=\/wp\/v2\/types\/post"}],"author":[{"embeddable":true,"href":"https:\/\/valdelsacorse.it\/index.php?rest_route=\/wp\/v2\/users\/1"}],"replies":[{"embeddable":true,"href":"https:\/\/valdelsacorse.it\/index.php?rest_route=%2Fwp%2Fv2%2Fcomments&post=457"}],"version-history":[{"count":1,"href":"https:\/\/valdelsacorse.it\/index.php?rest_route=\/wp\/v2\/posts\/457\/revisions"}],"predecessor-version":[{"id":459,"href":"https:\/\/valdelsacorse.it\/index.php?rest_route=\/wp\/v2\/posts\/457\/revisions\/459"}],"wp:featuredmedia":[{"embeddable":true,"href":"https:\/\/valdelsacorse.it\/index.php?rest_route=\/wp\/v2\/media\/458"}],"wp:attachment":[{"href":"https:\/\/valdelsacorse.it\/index.php?rest_route=%2Fwp%2Fv2%2Fmedia&parent=457"}],"wp:term":[{"taxonomy":"category","embeddable":true,"href":"https:\/\/valdelsacorse.it\/index.php?rest_route=%2Fwp%2Fv2%2Fcategories&post=457"},{"taxonomy":"post_tag","embeddable":true,"href":"https:\/\/valdelsacorse.it\/index.php?rest_route=%2Fwp%2Fv2%2Ftags&post=457"}],"curies":[{"name":"wp","href":"https:\/\/api.w.org\/{rel}","templated":true}]}}