{"id":2678,"date":"2025-12-08T11:57:43","date_gmt":"2025-12-08T10:57:43","guid":{"rendered":"https:\/\/valdelsacorse.it\/?p=2678"},"modified":"2025-12-08T18:02:03","modified_gmt":"2025-12-08T17:02:03","slug":"tripletta-di-alessandro-la-ferla-e-giacomo-matteuzzi-al-rally-della-fettunta-2025-gran-rimonta-su-flavio-brega-terzo-anselmi","status":"publish","type":"post","link":"https:\/\/valdelsacorse.it\/?p=2678","title":{"rendered":"TRIPLETTA DI ALESSANDRO LA FERLA E GIACOMO MATTEUZZI AL RALLY DELLA FETTUNTA 2025. GRAN RIMONTA SU FLAVIO BREGA. TERZO ANSELMI"},"content":{"rendered":"\n<p class=\"wp-block-paragraph\">Con una grande rimonta l\u2019equipaggio dei sancascianesi <strong>Alessandro La Ferla <\/strong>e<strong> Giacomo Matteuzzi<\/strong>, su Skoda Fabia Gima ha vinto il 46\/o Rally della Fettunta per la terza volta. La Ferla aveva concluso in modo poco appariscente la tappa del sabato ma la domenica ha pilotato pancia a terra riducendo prova dopo prova lo svantaggio da <strong>Brega-Farnocchia<\/strong> (Skoda Fabia Rs) fino a prendere la testa sulla penultima frazione per 7 decimi e a chiudere con altri 4 decimi di margine sull\u2019ultima prova speciale davanti al pilota bresciano. Brega-Farnocchia (Skoda Fabia Rs) erano rimasti in testa quasi tutta la gara dalla ps 1 alla numero 7, vincendo in tutto tre ps. Ma alla fine 1\u201d1 li ha separati dai primi due classificati. \u201cSabato ho fatto schifo, sono andato male, era gi\u00e0 successo \u2013 ha detto all\u2019arrivo Alessandro La Ferla &#8211; Poi la domenica ho messo a fuoco che se si voleva vincere bisognava tirare dal primo all\u2019ultimo metro, e cos\u00ec \u00e8 stato fatto. Abbiamo dato sempre il massimo, il livello tecnico sale sempre e non si pu\u00f2 fare diversamente se si punta alla vittoria\u201d. Amareggiato Flavio Brega, secondo come nel 2024 quando partecip\u00f2 per la prima volta al Fettunta anche per preparare il Rally di Montecarlo. \u201cPi\u00f9 di cos\u00ec non so cosa potevo fare \u2013 ha commentato -, ci ho provato fino all\u2019ultimo ma l\u2019ho mancata per 1\u201d1. Che dire? Onore a La Ferla vincitore\u201d. \u201cUna gara comunque entusiasmante\u201d, ha riconosciuto il co-pilota Sauro Farnocchia rimarcando le peculiarit\u00e0 di questa gara. Terzo un regolare <strong>Paolo Anselmi<\/strong> con la navigatrice <strong>Carol Natali<\/strong> (Skoda Fabia Evo), capaci di sostenere la selezione che c\u2019\u00e8 stata fra le top car. Cagni-Mazzini (Skoda) hanno avuto un intoppo meccanico gi\u00e0 il sabato e poi hanno proseguire nelle retrovie. Si sono invece ritirati Medici-Magrini (Peugeot 208 N5) con la vettura in avaria sulla ps3 e Carmine Tribuzio (Skoda Fabia Rs), che \u00e8 andato fuori strada sulla ps 4 di Pietracupa mentre cercava una traiettoria. Brillanti le prestazioni delle Skoda di <strong>Roncoroni-Brusadelli<\/strong>, quarti, e di <strong>Cuckuruva-Ackay<\/strong>, quinti, equipaggio turco che ama frequentare le strade dei rally italiani.<\/p>\n\n\n\n<p class=\"wp-block-paragraph\">&nbsp;&nbsp;&nbsp; I lucchesi <strong>Claudio Fanucchi<\/strong> e <strong>Nicola Angilletta<\/strong> (Peugeot 208), sesti assoluti sono i vincitori del nuovo Trofeo Due Ruote Motrici istituito dalla Valdelsa Corse, prevalendo in classifica per 1\u201c2 sui forti <strong>Vescovi-Guzzi<\/strong> su Lancia Y Rally 4 (settimi). Concludono la top ten equipaggi di valore come, nell\u2019ordine, i generosi e spettacolari <strong>Bosetti-Buzzi<\/strong> (Clio R3), il veloce ed esperto montecatinese <strong>Paolo Moricci<\/strong> con <strong>Carlotta Dallai<\/strong> (Renault Clio Rally 3), i precisi e regolari <strong>Gianaroli-Spezzani<\/strong> (Citroen Ds3). (Ufficio stampa Rally della Fettunta).<\/p>\n\n\n\n<figure class=\"wp-block-image size-full\"><img loading=\"lazy\" decoding=\"async\" width=\"1360\" height=\"907\" src=\"https:\/\/valdelsacorse.it\/wp-content\/uploads\/2025\/12\/IMG-20251207-WA0005.jpg\" alt=\"\" class=\"wp-image-2680\" srcset=\"https:\/\/valdelsacorse.it\/wp-content\/uploads\/2025\/12\/IMG-20251207-WA0005.jpg 1360w, https:\/\/valdelsacorse.it\/wp-content\/uploads\/2025\/12\/IMG-20251207-WA0005-300x200.jpg 300w, https:\/\/valdelsacorse.it\/wp-content\/uploads\/2025\/12\/IMG-20251207-WA0005-1024x683.jpg 1024w, https:\/\/valdelsacorse.it\/wp-content\/uploads\/2025\/12\/IMG-20251207-WA0005-768x512.jpg 768w, https:\/\/valdelsacorse.it\/wp-content\/uploads\/2025\/12\/IMG-20251207-WA0005-150x100.jpg 150w\" sizes=\"auto, (max-width: 1360px) 100vw, 1360px\" \/><\/figure>\n","protected":false},"excerpt":{"rendered":"<p>Con una grande rimonta l\u2019equipaggio dei sancascianesi Alessandro La Ferla e Giacomo Matteuzzi, su Skoda Fabia Gima ha vinto il 46\/o Rally della Fettunta per la terza volta. La Ferla aveva concluso in modo poco appariscente la tappa del sabato ma la domenica ha pilotato pancia a terra riducendo prova\u2026<\/p>\n<p> <a class=\"continue-reading-link\" href=\"https:\/\/valdelsacorse.it\/?p=2678\"><span>Continua a leggere<\/span><i class=\"crycon-right-dir\"><\/i><\/a> <\/p>\n","protected":false},"author":1,"featured_media":2680,"comment_status":"closed","ping_status":"closed","sticky":false,"template":"","format":"standard","meta":{"ngg_post_thumbnail":0,"footnotes":""},"categories":[13],"tags":[],"class_list":["post-2678","post","type-post","status-publish","format-standard","has-post-thumbnail","hentry","category-edizione-2025"],"_links":{"self":[{"href":"https:\/\/valdelsacorse.it\/index.php?rest_route=\/wp\/v2\/posts\/2678","targetHints":{"allow":["GET"]}}],"collection":[{"href":"https:\/\/valdelsacorse.it\/index.php?rest_route=\/wp\/v2\/posts"}],"about":[{"href":"https:\/\/valdelsacorse.it\/index.php?rest_route=\/wp\/v2\/types\/post"}],"author":[{"embeddable":true,"href":"https:\/\/valdelsacorse.it\/index.php?rest_route=\/wp\/v2\/users\/1"}],"replies":[{"embeddable":true,"href":"https:\/\/valdelsacorse.it\/index.php?rest_route=%2Fwp%2Fv2%2Fcomments&post=2678"}],"version-history":[{"count":1,"href":"https:\/\/valdelsacorse.it\/index.php?rest_route=\/wp\/v2\/posts\/2678\/revisions"}],"predecessor-version":[{"id":2681,"href":"https:\/\/valdelsacorse.it\/index.php?rest_route=\/wp\/v2\/posts\/2678\/revisions\/2681"}],"wp:featuredmedia":[{"embeddable":true,"href":"https:\/\/valdelsacorse.it\/index.php?rest_route=\/wp\/v2\/media\/2680"}],"wp:attachment":[{"href":"https:\/\/valdelsacorse.it\/index.php?rest_route=%2Fwp%2Fv2%2Fmedia&parent=2678"}],"wp:term":[{"taxonomy":"category","embeddable":true,"href":"https:\/\/valdelsacorse.it\/index.php?rest_route=%2Fwp%2Fv2%2Fcategories&post=2678"},{"taxonomy":"post_tag","embeddable":true,"href":"https:\/\/valdelsacorse.it\/index.php?rest_route=%2Fwp%2Fv2%2Ftags&post=2678"}],"curies":[{"name":"wp","href":"https:\/\/api.w.org\/{rel}","templated":true}]}}