{"id":2675,"date":"2025-12-08T11:54:18","date_gmt":"2025-12-08T10:54:18","guid":{"rendered":"https:\/\/valdelsacorse.it\/?p=2675"},"modified":"2025-12-11T16:37:04","modified_gmt":"2025-12-11T15:37:04","slug":"nello-storico-vincono-lombardi-marchi-su-opel-kadett-gsi-16v-secondi-fei-pistolesi-terza-laudi-quattro-di-tinello-de-caneva","status":"publish","type":"post","link":"https:\/\/valdelsacorse.it\/?p=2675","title":{"rendered":"NELLO STORICO VINCONO LOMBARDI-MARCHI SU OPEL KADETT GSI 16V. SECONDI FEI-PISTOLESI. TERZA L\u2019AUDI QUATTRO DI TINELLO DE CANEVA"},"content":{"rendered":"\n<p class=\"wp-block-paragraph\">Nel 18\/o Rally Storico della Fettunta bel successo <strong>di Riccardo Lombardi <\/strong>con<strong> Simone Marchi<\/strong> su Opel Kadett Gsi 16v che vendica il ritiro patito l\u2019anno scorso sulle stesse strade. Il pilota si \u00e8 trovato a suo agio nelle colline chiantigiane. \u201cPer me il rally \u00e8 questo, mi piace correre in queste condizioni \u2013 ha detto Lombardi al traguardo \u2013 il rally va corso su strade come questa, al Fettunta c\u2019erano le condizioni perfette di gara\u201d. Secondo posto, a 21\u201d2, per<strong> Massimiliano Fei <\/strong>e<strong> Dimitri Pistolesi<\/strong> (Peugeot 205 Gti 1.9, scuderia Valdelsa Corse), gi\u00e0 vincitori 2024. \u201cNon recriminiamo niente, oggi non dovevamo andare a prendere nessuno \u2013 dice Fei \u2013 va bene questo podio, non potevamo fare altro, siamo soddisfatti cos\u00ec\u201d. Terza l\u2019ammirata Audi Quattro di <strong>Elio Tinello De Caneva<\/strong> con la figlia <strong>Rebecca<\/strong>. Benissimo anche la trazione posteriore della Bmw M3 di <strong>Guarducci-Bazzani<\/strong> (quarti) e, a seguire, <strong>Pilat-Refondini,<\/strong> quinti con la Peugeot 205 Rally. Missione compiuta per il fiorentino <strong>Alessandro Losi<\/strong> tornato alle corse dopo tre anni: la sua Peugeot 106 ha ricevuto gli onori del palco d\u2019arrivo e cos\u00ec \u00e8 stato anche per gli over 80 in gara, cio\u00e8 il britannico <strong>Trevor Smithson<\/strong>, da Londra al traguardo con la Lotus Elan insieme al navigatore <strong>Christian Soriani<\/strong>; e il grossetano <strong>Ettore Falchetti \u2018Nestore\u2019<\/strong> con la Alpine A110 e alle note <strong>Emanuele Mischi<\/strong>. (Ufficio stampa Rally della Fettunta).<\/p>\n\n\n\n<figure class=\"wp-block-image size-large\"><img loading=\"lazy\" decoding=\"async\" width=\"1024\" height=\"682\" src=\"https:\/\/valdelsacorse.it\/wp-content\/uploads\/2025\/12\/LOMBARDI-MARCHI-IMG-20251206-WA0032-1024x682.jpg\" alt=\"\" class=\"wp-image-2682\" srcset=\"https:\/\/valdelsacorse.it\/wp-content\/uploads\/2025\/12\/LOMBARDI-MARCHI-IMG-20251206-WA0032-1024x682.jpg 1024w, https:\/\/valdelsacorse.it\/wp-content\/uploads\/2025\/12\/LOMBARDI-MARCHI-IMG-20251206-WA0032-300x200.jpg 300w, https:\/\/valdelsacorse.it\/wp-content\/uploads\/2025\/12\/LOMBARDI-MARCHI-IMG-20251206-WA0032-768x512.jpg 768w, https:\/\/valdelsacorse.it\/wp-content\/uploads\/2025\/12\/LOMBARDI-MARCHI-IMG-20251206-WA0032-1536x1024.jpg 1536w, https:\/\/valdelsacorse.it\/wp-content\/uploads\/2025\/12\/LOMBARDI-MARCHI-IMG-20251206-WA0032-2048x1365.jpg 2048w, https:\/\/valdelsacorse.it\/wp-content\/uploads\/2025\/12\/LOMBARDI-MARCHI-IMG-20251206-WA0032-150x100.jpg 150w\" sizes=\"auto, (max-width: 1024px) 100vw, 1024px\" \/><\/figure>\n","protected":false},"excerpt":{"rendered":"<p>Nel 18\/o Rally Storico della Fettunta bel successo di Riccardo Lombardi con Simone Marchi su Opel Kadett Gsi 16v che vendica il ritiro patito l\u2019anno scorso sulle stesse strade. Il pilota si \u00e8 trovato a suo agio nelle colline chiantigiane. \u201cPer me il rally \u00e8 questo, mi piace correre in\u2026<\/p>\n<p> <a class=\"continue-reading-link\" href=\"https:\/\/valdelsacorse.it\/?p=2675\"><span>Continua a leggere<\/span><i class=\"crycon-right-dir\"><\/i><\/a> <\/p>\n","protected":false},"author":1,"featured_media":2682,"comment_status":"closed","ping_status":"closed","sticky":false,"template":"","format":"standard","meta":{"ngg_post_thumbnail":0,"footnotes":""},"categories":[13],"tags":[],"class_list":["post-2675","post","type-post","status-publish","format-standard","has-post-thumbnail","hentry","category-edizione-2025"],"_links":{"self":[{"href":"https:\/\/valdelsacorse.it\/index.php?rest_route=\/wp\/v2\/posts\/2675","targetHints":{"allow":["GET"]}}],"collection":[{"href":"https:\/\/valdelsacorse.it\/index.php?rest_route=\/wp\/v2\/posts"}],"about":[{"href":"https:\/\/valdelsacorse.it\/index.php?rest_route=\/wp\/v2\/types\/post"}],"author":[{"embeddable":true,"href":"https:\/\/valdelsacorse.it\/index.php?rest_route=\/wp\/v2\/users\/1"}],"replies":[{"embeddable":true,"href":"https:\/\/valdelsacorse.it\/index.php?rest_route=%2Fwp%2Fv2%2Fcomments&post=2675"}],"version-history":[{"count":3,"href":"https:\/\/valdelsacorse.it\/index.php?rest_route=\/wp\/v2\/posts\/2675\/revisions"}],"predecessor-version":[{"id":2690,"href":"https:\/\/valdelsacorse.it\/index.php?rest_route=\/wp\/v2\/posts\/2675\/revisions\/2690"}],"wp:featuredmedia":[{"embeddable":true,"href":"https:\/\/valdelsacorse.it\/index.php?rest_route=\/wp\/v2\/media\/2682"}],"wp:attachment":[{"href":"https:\/\/valdelsacorse.it\/index.php?rest_route=%2Fwp%2Fv2%2Fmedia&parent=2675"}],"wp:term":[{"taxonomy":"category","embeddable":true,"href":"https:\/\/valdelsacorse.it\/index.php?rest_route=%2Fwp%2Fv2%2Fcategories&post=2675"},{"taxonomy":"post_tag","embeddable":true,"href":"https:\/\/valdelsacorse.it\/index.php?rest_route=%2Fwp%2Fv2%2Ftags&post=2675"}],"curies":[{"name":"wp","href":"https:\/\/api.w.org\/{rel}","templated":true}]}}