{"id":258,"date":"2016-11-14T14:21:08","date_gmt":"2016-11-14T14:21:08","guid":{"rendered":"https:\/\/nmdesign.it\/?p=258"},"modified":"2017-10-22T18:46:11","modified_gmt":"2017-10-22T18:46:11","slug":"aperte-le-iscrizioni-al-rally-della-fettunta-2016","status":"publish","type":"post","link":"https:\/\/valdelsacorse.it\/?p=258","title":{"rendered":"APERTE LE ISCRIZIONI al Rally della Fettunta 2016"},"content":{"rendered":"<p><strong><u>APERTE LE ISCRIZIONI<\/u><\/strong><strong> al Rally della Fettunta 2016.<\/strong><\/p>\n<p><strong>Tutto il programma della \u2018Grande corsa nel Chianti\u2019.<\/strong><\/p>\n<p><strong><u>Sono APERTE le iscrizioni al 38\/o Rally della Fettunta<\/u><\/strong><strong> (10-11 dicembre 2016) . <\/strong>La <strong>scheda di iscrizione<\/strong> \u00e8 disponibile su questo sito nella sezione concorrenti ed \u00e8 valida sia per chi correr\u00e0 con le vetture moderne, sia per chi si presenter\u00e0 nella sezione auto storiche. Si ricorda che la <strong><u>distribuzione del \u2018road book\u2019 (radar) sar\u00e0 allo storico Bar Drogheria \u2018Da Barinco\u2019<\/u><\/strong> in via Roma 29 a Tavarnelle Val di Pesa (Firenze) il 10 dicembre 2016 dalle 8.30 alle 12.30.<\/p>\n<p>Le <strong>ricognizioni<\/strong> sul percorso, da fare <u>esclusivamente<\/u> con vetture di serie, sono autorizzate <em><u>SOLO<\/u><\/em> il 10 dicembre 2016 dalle ore 9 alle ore 13: l\u2019organizzatore ha predisposto i controlli affinch\u00e9 sia rispettata questa regola.<\/p>\n<p>Le <strong>verifiche sportive<\/strong> pre-gara sono il 10 dicembre 2016 allo Spedale dei Pellegrini (ex biblioteca) di Barberino Val d\u2019Elsa (Firenze); le <strong>verifiche tecniche<\/strong> saranno nel suggestivo scenario medievale di piazza Barberini a Barberino Val d\u2019Elsa. <strong>Gli orari individuali di verifica sportiva e tecnica saranno comunicati tramite circolare informativa e pubblicati anche su questo sito web<\/strong>. Il quartier generale della gara \u00e8 in piazza Matteotti a Tavarnelle Val di Pesa (palazzo consiliare). La pubblicazione dell\u2019ordine di partenza \u00e8 il 10 dicembre 2016 alle ore 19 sull\u2019albo di gara.<\/p>\n<p><strong>Partenza e arrivo<\/strong>. Non \u00e8 previsto parco partenza prima del \u2018via\u2019. L\u201911 dicembre \u00e8 invece previsto l\u2019incolonnamento delle vetture in via Ugo Foscolo a Barberino verso il controllo orario alla Porta Romana (via Francesco da Barberino) e start della prima vettura alle 8.01. Arrivo del primo concorrente sulla pedana di piazza Matteotti a Tavarnelle l\u201911 dicembre 2016 alle ore 15.40. Premiazione sul palco di arrivo.<\/p>\n<p><strong>Quartier generale<\/strong>. Sar\u00e0 situato nel palazzo consiliare di piazza Matteotti a Tavarnelle. Ospiter\u00e0 tutte le funzioni per lo svolgimento del rally, tra cui direzione gara, giudici di gara, sala cronometristi, segreteria della manifestazione, sala stampa, sala ufficiali di gara, medico di gara. Presso la direzione gara sar\u00e0 anche disponibile l\u2019albo di gara ufficiale.<\/p>\n<p><img loading=\"lazy\" decoding=\"async\" class=\"alignnone wp-image-259 size-full\" src=\"https:\/\/valdelsacorse.it\/wp-content\/uploads\/2016\/11\/Foto-per-articolo-4-Michele-Rovatti-Valentina-Catone.jpg\" alt=\"foto-per-articolo-4-michele-rovatti-valentina-catone\" width=\"903\" height=\"600\" srcset=\"https:\/\/valdelsacorse.it\/wp-content\/uploads\/2016\/11\/Foto-per-articolo-4-Michele-Rovatti-Valentina-Catone.jpg 903w, https:\/\/valdelsacorse.it\/wp-content\/uploads\/2016\/11\/Foto-per-articolo-4-Michele-Rovatti-Valentina-Catone-300x199.jpg 300w, https:\/\/valdelsacorse.it\/wp-content\/uploads\/2016\/11\/Foto-per-articolo-4-Michele-Rovatti-Valentina-Catone-768x510.jpg 768w, https:\/\/valdelsacorse.it\/wp-content\/uploads\/2016\/11\/Foto-per-articolo-4-Michele-Rovatti-Valentina-Catone-226x150.jpg 226w, https:\/\/valdelsacorse.it\/wp-content\/uploads\/2016\/11\/Foto-per-articolo-4-Michele-Rovatti-Valentina-Catone-150x100.jpg 150w\" sizes=\"auto, (max-width: 903px) 100vw, 903px\" \/><\/p>\n","protected":false},"excerpt":{"rendered":"<p>APERTE LE ISCRIZIONI al Rally della Fettunta 2016. Tutto il programma della \u2018Grande corsa nel Chianti\u2019. Sono APERTE le iscrizioni al 38\/o Rally della Fettunta (10-11 dicembre 2016) . La scheda di iscrizione \u00e8 disponibile su questo sito nella sezione concorrenti ed \u00e8 valida sia per chi correr\u00e0 con le\u2026<\/p>\n<p> <a class=\"continue-reading-link\" href=\"https:\/\/valdelsacorse.it\/?p=258\"><span>Continua a leggere<\/span><i class=\"crycon-right-dir\"><\/i><\/a> <\/p>\n","protected":false},"author":1,"featured_media":259,"comment_status":"closed","ping_status":"closed","sticky":false,"template":"","format":"standard","meta":{"ngg_post_thumbnail":0,"footnotes":""},"categories":[3,1],"tags":[],"class_list":["post-258","post","type-post","status-publish","format-standard","has-post-thumbnail","hentry","category-edizione-2016","category-uncategorized"],"_links":{"self":[{"href":"https:\/\/valdelsacorse.it\/index.php?rest_route=\/wp\/v2\/posts\/258","targetHints":{"allow":["GET"]}}],"collection":[{"href":"https:\/\/valdelsacorse.it\/index.php?rest_route=\/wp\/v2\/posts"}],"about":[{"href":"https:\/\/valdelsacorse.it\/index.php?rest_route=\/wp\/v2\/types\/post"}],"author":[{"embeddable":true,"href":"https:\/\/valdelsacorse.it\/index.php?rest_route=\/wp\/v2\/users\/1"}],"replies":[{"embeddable":true,"href":"https:\/\/valdelsacorse.it\/index.php?rest_route=%2Fwp%2Fv2%2Fcomments&post=258"}],"version-history":[{"count":2,"href":"https:\/\/valdelsacorse.it\/index.php?rest_route=\/wp\/v2\/posts\/258\/revisions"}],"predecessor-version":[{"id":261,"href":"https:\/\/valdelsacorse.it\/index.php?rest_route=\/wp\/v2\/posts\/258\/revisions\/261"}],"wp:featuredmedia":[{"embeddable":true,"href":"https:\/\/valdelsacorse.it\/index.php?rest_route=\/wp\/v2\/media\/259"}],"wp:attachment":[{"href":"https:\/\/valdelsacorse.it\/index.php?rest_route=%2Fwp%2Fv2%2Fmedia&parent=258"}],"wp:term":[{"taxonomy":"category","embeddable":true,"href":"https:\/\/valdelsacorse.it\/index.php?rest_route=%2Fwp%2Fv2%2Fcategories&post=258"},{"taxonomy":"post_tag","embeddable":true,"href":"https:\/\/valdelsacorse.it\/index.php?rest_route=%2Fwp%2Fv2%2Ftags&post=258"}],"curies":[{"name":"wp","href":"https:\/\/api.w.org\/{rel}","templated":true}]}}