{"id":2423,"date":"2024-12-08T21:50:47","date_gmt":"2024-12-08T20:50:47","guid":{"rendered":"https:\/\/valdelsacorse.it\/?p=2423"},"modified":"2025-12-05T14:10:48","modified_gmt":"2025-12-05T13:10:48","slug":"commenti-allarrivo-di-tavarnelle-val-di-pesa-del-45-o-rally-della-fettunta-e-del-xvii-rally-storico","status":"publish","type":"post","link":"https:\/\/valdelsacorse.it\/?p=2423","title":{"rendered":"COMMENTI ALL\u2019ARRIVO DI TAVARNELLE VAL DI PESA DEL 45\/o RALLY DELLA FETTUNTA E DEL XVII RALLY STORICO"},"content":{"rendered":"\n<p class=\"wp-block-paragraph\">Alcuni commenti e parole al 45\/o Rally della Fettunta 2024.<\/p>\n\n\n\n<p class=\"wp-block-paragraph\">&nbsp;&nbsp;&nbsp; <strong>Alessandro La Ferla<\/strong> firma un successo importante. \u201cDovevo regolarmi bene col ritorno poche settimane dopo lo Scandicci e poi volevo fare come nel 2023, cio\u00e8 iniziare senza spingere subito sulle prime ps e provarci nel secondo giorno. Infatti cos\u00ec \u00e8 stato e ha funzionato come l\u2019anno scorso. La domenica abbiamo attaccato gi\u00e0 dalla prima ps Cortine e dato gli strappi che hanno messo in difficolt\u00e0 gli inseguitori. Poi dalla prima di Campoli ho gi\u00e0 cominciato a gestire il vantaggio. Questa vittoria \u00e8 molto significativa perch\u00e9 c\u2019erano pi\u00f9 piloti in grado di giocarsela rispetto all\u2019anno scorso\u201d. &nbsp;&nbsp;<\/p>\n\n\n\n<p class=\"wp-block-paragraph\">&nbsp;&nbsp;&nbsp; <strong>Flavio Brega<\/strong>: \u201cAl primo giro sono andato cauto, mi volevo ambientare in una gara che non conosco, avevo fatto un Fettunta nel 2012 ma su altre strade, non queste. Sabato ho vinto la ps2 ma c\u2019\u00e8 stata una penalit\u00e0 che forse ha condizionato la classifica, magari senza si poteva dare pi\u00f9 pressione a chi era davanti. La domenica man mano che il fondo si asciugava ho progredito e ho messo in pratica gli insegnamenti di Farnocchia. L\u2019anno prossimo mi piacerebbe tornare per vincere\u201d. <strong>Sauro Farnocchia<\/strong> gi\u00e0 al riordino del sabato aveva spiegato: \u201cIl Fettunta \u00e8 una bella gara. Siamo qui perch\u00e9 Brega sta curando la preparazione del Rally di Montecarlo. Io gli ho trasmesso il mio metodo di lavoro sul tracciato del Chianti che ha un fondo adatto, propedeutico per quello che andr\u00e0 a fare\u201d. Quindi l\u2019approvazione a fine rally per il pilota: \u201cAndr\u00e0 a fare Montecarlo e va bene cos\u00ec\u201d.<\/p>\n\n\n\n<p class=\"wp-block-paragraph\">&nbsp;&nbsp;&nbsp; <strong>Paolo Segantini<\/strong>, passo costante e sempre coi primi, terzo alla fine su Vw Polo R5: \u201cSiamo partiti con tranquillit\u00e0, poi si \u00e8 continuato sempre in progressione. Era la prima volta con questa macchina, credo che la user\u00f2 ancora. Le gomme Mrf sono andate benissimo, sull\u2019asfalto bagnato mi sono trovato molto bene\u201d.<\/p>\n\n\n\n<p class=\"wp-block-paragraph\">&nbsp;&nbsp;&nbsp; Raggiante al traguardo <strong>Alessandro Montermini<\/strong>, al rientro alle gare dopo tre anni. Con Alfieri alla guida hanno portato in fondo il rally con molta accortezza. \u201cMissione compiuta\u201d, dice sorridente il vicepresidente della Valdelsa Corse sciogliendo la tensione di un ritorno preparato con meticolosit\u00e0. La Ferla lo omaggia dal palco: \u201cIo e Montermini siamo i vincitori del Fettunta. Siamo partiti tutti e due con la paura ma l\u2019abbiamo battuta!\u201d. Tra gli stranieri all\u2019arrivo l\u2019equipaggio tedesco Irlacher-Cerny, 15\/mi assoluti, e il debuttante assoluto Gal Dror, che per fare il primo rally della sua vita ha scelto il Fettunta per conoscere le strade italiane. Dror per 2\u201d1 non ha agganciato il terzo di classe con la Clio categoria Rally5 ma lui stesso aveva chiesto al navigatore Alessandro Rappoldi di non dirgli i tempi perch\u00e9 voleva concentrarsi sulla guida e la vettura, quindi ha scoperto il piazzamento solo alla fine.&nbsp;&nbsp;&nbsp;&nbsp; &nbsp;&nbsp;&nbsp;&nbsp;&nbsp;&nbsp;&nbsp;&nbsp;&nbsp;<\/p>\n\n\n\n<p class=\"wp-block-paragraph\">&nbsp;&nbsp;&nbsp; Il <strong><u>XVII Rally storico della Fettunta<\/u><\/strong> incontra <strong>Massimiliano Fei e Dimitri Pistolesi<\/strong> alla prima vittoria assoluta. \u201cSapevamo innanzitutto di non andare in un fosso visto che non ho trovato sul mercato delle gomme da bagnato per questa Peugeot 205 Gti, sicch\u00e9 mi sono dovuto adattare con altri pneumatici e non dovevo prendere rischi \u2013 dice Massimiliano Fei \u2013 Comunque i tempi sono venuti fuori e quando \u00e8 stato il momento, io e Dimitri eravamo l\u00ec in classifica e dalla ps 5 siamo sempre rimasti al comando seguiti da un\u2019Audi Quattro e due Porsche. Ce l\u2019abbiamo fatta e siamo molto contenti anche per la nostra scuderia, la Valdelsa Corse\u201d. Dimitri Pistolesi oltre che navigatore in gara \u00e8 anche uno degli organizzatori del Fettunta e dopo aver sistemato la direzione gara si \u00e8 messo tuta e casco. \u201cS\u00ec abbiamo vinto, non ce lo aspettavamo \u2013 dice Pistolesi -, eravamo partiti per fare la nostra gara ma quando siamo andati in testa a quel punto abbiamo interpretato il rally per &nbsp;tenere la prima posizione\u201d. Questo equipaggio nel 2023 era arrivato secondo.&nbsp;&nbsp;<\/p>\n\n\n\n<p class=\"wp-block-paragraph\">&nbsp;&nbsp;&nbsp; Il decano dei rally fiorentini Sandro Sanesi ha corso con Paolo Gargani su Kadett Gsi 16v ed a traguardo elogia la manifestazione. \u201cFormat perfetto, da non cambiare, va molto bene come \u00e8 \u2013 dice \u2013 Due giorni nel Chianti, tabella di marcia ineccepibile, non tirata ma nemmeno con pause troppo lunghe, percorso divertente e tecnico. E poi si mangia bene, i posti sono belli. La gente viene a correre volentieri al Fettunta, gli ingredienti per proseguire con successo verso i suoi primi 50 anni questa gara ce li ha tutti\u201d.<strong> (Ufficio stampa Rally della Fettunta).<\/strong><\/p>\n","protected":false},"excerpt":{"rendered":"<p>Alcuni commenti e parole al 45\/o Rally della Fettunta 2024. &nbsp;&nbsp;&nbsp; Alessandro La Ferla firma un successo importante. \u201cDovevo regolarmi bene col ritorno poche settimane dopo lo Scandicci e poi volevo fare come nel 2023, cio\u00e8 iniziare senza spingere subito sulle prime ps e provarci nel secondo giorno. Infatti cos\u00ec\u2026<\/p>\n<p> <a class=\"continue-reading-link\" href=\"https:\/\/valdelsacorse.it\/?p=2423\"><span>Continua a leggere<\/span><i class=\"crycon-right-dir\"><\/i><\/a> <\/p>\n","protected":false},"author":1,"featured_media":2424,"comment_status":"closed","ping_status":"closed","sticky":false,"template":"","format":"standard","meta":{"ngg_post_thumbnail":0,"footnotes":""},"categories":[12],"tags":[],"class_list":["post-2423","post","type-post","status-publish","format-standard","has-post-thumbnail","hentry","category-edizione-2024"],"_links":{"self":[{"href":"https:\/\/valdelsacorse.it\/index.php?rest_route=\/wp\/v2\/posts\/2423","targetHints":{"allow":["GET"]}}],"collection":[{"href":"https:\/\/valdelsacorse.it\/index.php?rest_route=\/wp\/v2\/posts"}],"about":[{"href":"https:\/\/valdelsacorse.it\/index.php?rest_route=\/wp\/v2\/types\/post"}],"author":[{"embeddable":true,"href":"https:\/\/valdelsacorse.it\/index.php?rest_route=\/wp\/v2\/users\/1"}],"replies":[{"embeddable":true,"href":"https:\/\/valdelsacorse.it\/index.php?rest_route=%2Fwp%2Fv2%2Fcomments&post=2423"}],"version-history":[{"count":1,"href":"https:\/\/valdelsacorse.it\/index.php?rest_route=\/wp\/v2\/posts\/2423\/revisions"}],"predecessor-version":[{"id":2425,"href":"https:\/\/valdelsacorse.it\/index.php?rest_route=\/wp\/v2\/posts\/2423\/revisions\/2425"}],"wp:featuredmedia":[{"embeddable":true,"href":"https:\/\/valdelsacorse.it\/index.php?rest_route=\/wp\/v2\/media\/2424"}],"wp:attachment":[{"href":"https:\/\/valdelsacorse.it\/index.php?rest_route=%2Fwp%2Fv2%2Fmedia&parent=2423"}],"wp:term":[{"taxonomy":"category","embeddable":true,"href":"https:\/\/valdelsacorse.it\/index.php?rest_route=%2Fwp%2Fv2%2Fcategories&post=2423"},{"taxonomy":"post_tag","embeddable":true,"href":"https:\/\/valdelsacorse.it\/index.php?rest_route=%2Fwp%2Fv2%2Ftags&post=2423"}],"curies":[{"name":"wp","href":"https:\/\/api.w.org\/{rel}","templated":true}]}}