{"id":2415,"date":"2024-12-08T21:56:08","date_gmt":"2024-12-08T20:56:08","guid":{"rendered":"https:\/\/valdelsacorse.it\/?p=2415"},"modified":"2025-12-05T14:10:33","modified_gmt":"2025-12-05T13:10:33","slug":"vittoria-bis-di-alessandro-la-ferla-e-giacomo-matteuzzi-su-skoda-al-fettunta-2024-secondo-brega-con-sauro-farnocchia-segantini-terzo-darcio-e-gatti-ritiri-eccellenti-tra-le-storiche-fei-p","status":"publish","type":"post","link":"https:\/\/valdelsacorse.it\/?p=2415","title":{"rendered":"VITTORIA-BIS DI ALESSANDRO LA FERLA E GIACOMO MATTEUZZI SU SKODA AL FETTUNTA 2024"},"content":{"rendered":"\n<p class=\"wp-block-paragraph\"><strong><em><u>Barberino Tavarnelle (Firenze), 8 dicembre 2024<\/u><\/em><\/strong><\/p>\n\n\n\n<p class=\"wp-block-paragraph\">SECONDO BREGA CON SAURO FARNOCCHIA. SEGANTINI TERZO. D\u2019ARCIO E GATTI RITIRI ECCELLENTI. TRA LE STORICHE FEI-PISTOLESI SU PEUGEOT 205 1.9 DAVANTI AD AUDI E PORSCHE&nbsp;&nbsp;Vittoria scacciacrisi dei sancascianesi <strong>Alessandro La Ferla e Giacomo Matteuzzi su Skoda Fabia R5 Jag Sport griffata Gima al 45\/o Rally della Fettunta 2024<\/strong>, autori di una gara da manuale, attendisti il sabato, scatenati la domenica quando fin dal mattino hanno dato strappi decisivi sulle strade bagnate dalla pioggia notturna. Sia il leader provvisorio Riccardo Gatti sia l\u2019altro pretendente alla vittoria, Luciano D\u2019Arcio, si sono entrambi ritirati per danni meccanici alle loro Skoda nell\u2019insidiosa quarta ps di Pietracupa. La Ferla da quel momento ha gestito il vantaggio sugli altri rimasti in corsa e l\u2019ha portato in fondo. Secondo posto, con distacco di 26\u201d8, per il bresciano <strong>Flavio Brega, con Sauro Farnocchia<\/strong> alle note<strong>,<\/strong> anche loro sulla vettura boema. Brega, venuto a correre al Fettunta per fare training verso il Rally di Montecarlo 2025, ha firmato due scratch ma ha anche corso col peso di 10 secondi di penalit\u00e0 inflittigli il giorno-1 per una partenza anticipata. Terzo posto per <strong>Paolo Segantini e Matteo Innocenti<\/strong> a 55\u201d4<strong>&nbsp; <\/strong>su Vw Polo Gti gommata Mrf, autori di una gara costante sempre ai vertici e senza sbavature di rilievo.<\/p>\n\n\n\n<p class=\"wp-block-paragraph\">&nbsp;&nbsp;&nbsp;&nbsp; Il 45\/o Rally della Fettunta, organizzato dalla Valdelsa Corse asd, \u00e8 la gara della maturit\u00e0 agonistica di Alessandro La Ferla, che scaccia i fantasmi di Scandicci e firma un successo di grande valore. \u201cAlla prima ps ho pianto dalla paura \u2013 ha detto La Ferla sul palco \u2013 Partivo con sopra le spalle l\u2019incidente di Scandicci, ma anche dopo aver ricevuto l\u2019affetto di tanti e centinaia di messaggi di incoraggiamento che mi chiedevano non solo come stavo ma anche di rivedermi correre presto. Non li ho delusi, d\u2019altronde Giacomo mi aveva detto che se avessi tirato troppo, sarebbe sceso dalla macchina. Ci ho messo testa, e anche piede, e ho vinto. Complimenti agli avversari, rispetto al 2023 c\u2019\u00e8 stata pi\u00f9 battaglia e questa vittoria mi d\u00e0 pi\u00f9 soddisfazione della prima\u201d.<\/p>\n\n\n\n<p class=\"wp-block-paragraph\">&nbsp;&nbsp;&nbsp; Sabato sera il Fettunta aveva chiuso con Gatti in testa, D\u2019Arcio secondo, Segantini e La Ferla nell\u2019ordine. Si metteva in bagarre ma domenica la musica \u00e8 cambiata presto. La Ferla attacca subito su Cortine e si porta a mezzo secondo da Gatti, D\u2019Arcio invece ci lascia 9\u201d5 e scende in classifica. Sulla ps 4, a Pietracupa, c\u2019\u00e8 stata la selezione che ha dato la svolta alla gara. Dopo met\u00e0 prova Gatti e D\u2019Arcio mettono le Skoda fuori carreggiata, danneggiano la meccanica ed escono con ritardi pesanti. Per loro \u00e8 il ritiro. La Ferla intanto segna un altro tempo monstre e s\u2019invola in cima alla classifica. Dal \u2018mangia e bevi\u2019 della ps Campoli in poi il pilota di casa gestisce il margine su Brega, diretto inseguitore, quindi arriva a Tavarnelle al primo posto dopo aver primeggiato in sei prove speciali su nove (le altre due Brega, una Gatti).<\/p>\n\n\n\n<p class=\"wp-block-paragraph\">&nbsp;&nbsp;&nbsp;&nbsp; Sono state positive tutte le prestazioni degli equipaggi piazzati nella top ten. Quarto \u00e8 Paolo Anselmi (Skoda Evo R5), autore di una gara saggia, quinto un regolare Iacomini su Subaru, sesto Andrea Mazzocchi che ha saputo tenere la posizione dopo tempi alti sulle ps 3 e 7. Deciso allo sprint il settimo posto, che Paolo Moricci (Clio) ha arpionato su Federico Francia (208) dopo che la ps 7 li ha visti a pari tempo con vetture della stessa classe Rally 4. Francia lo aveva staccato di ben 4 secondi in un colpo solo, ma nel finale di gara Moricci ha potuto prendere il largo. Nono posto per Vittorio Barsotti con la 106 kit insieme ad Andrea Sarti e un fardello di 40\u201d di penalit\u00e0, tutte del sabato (partenza anticipata e taglio di chicane). Decimi Sunzeri-Neri su una 208 di classe Rally 4. &nbsp;&nbsp;&nbsp; Il <strong><u>XVII Rally storico della Fettunta<\/u><\/strong> invece \u00e8 stato vinto dalla <strong>Peugeot 205 Gti 1.9<\/strong> dall\u2019equipaggio della scuderia Valdelsa Corse formato da <strong>Massimiliano Fei e Dimitri Pistolesi<\/strong>, capaci di mettere il muso della vettura francese davanti <strong>all\u2019Audi Quattro<\/strong> di <strong>Elio e Rebecca Tinello De Caneva<\/strong>, secondi a 3\u201d3, e alla <strong>Porsche 911 Sc<\/strong> di <strong>Bianco-Vezzaro<\/strong>, terzi a 18\u201d7 ma che avevano preso il primo posto alla prima ps. Si \u00e8 ritirata per un guasto meccanico la Lancia Delta Hf Integrale di Garzotto mentre era al comando, stessa sorte \u00e8 toccata alla Kadett Gsi di Lombardi in testa per due speciali. Fei-Pistolesi, dalla quinta ps sono passati al comando e hanno mantenuto fino al traguardo la posizione senza poter montare gomme da bagnato idonee per la loro vettura perch\u00e9 non risultano reperibili. Hanno vinto anche un passaggio a Campoli e, curiosit\u00e0, per due ps hanno fatto il secondo assoluto a 0\u201d7 di distacco dal primo.<strong>(Ufficio stampa Rally della Fettunta).<\/strong><\/p>\n\n\n\n<figure class=\"wp-block-image size-large\"><img loading=\"lazy\" decoding=\"async\" width=\"1024\" height=\"682\" src=\"https:\/\/valdelsacorse.it\/wp-content\/uploads\/2024\/12\/08-12-2024-1-1024x682.jpg\" alt=\"\" class=\"wp-image-2416\" srcset=\"https:\/\/valdelsacorse.it\/wp-content\/uploads\/2024\/12\/08-12-2024-1-1024x682.jpg 1024w, https:\/\/valdelsacorse.it\/wp-content\/uploads\/2024\/12\/08-12-2024-1-300x200.jpg 300w, https:\/\/valdelsacorse.it\/wp-content\/uploads\/2024\/12\/08-12-2024-1-768x511.jpg 768w, https:\/\/valdelsacorse.it\/wp-content\/uploads\/2024\/12\/08-12-2024-1-150x100.jpg 150w, https:\/\/valdelsacorse.it\/wp-content\/uploads\/2024\/12\/08-12-2024-1.jpg 1389w\" sizes=\"auto, (max-width: 1024px) 100vw, 1024px\" \/><\/figure>\n","protected":false},"excerpt":{"rendered":"<p>Barberino Tavarnelle (Firenze), 8 dicembre 2024 SECONDO BREGA CON SAURO FARNOCCHIA. SEGANTINI TERZO. D\u2019ARCIO E GATTI RITIRI ECCELLENTI. TRA LE STORICHE FEI-PISTOLESI SU PEUGEOT 205 1.9 DAVANTI AD AUDI E PORSCHE&nbsp;&nbsp;Vittoria scacciacrisi dei sancascianesi Alessandro La Ferla e Giacomo Matteuzzi su Skoda Fabia R5 Jag Sport griffata Gima al 45\/o\u2026<\/p>\n<p> <a class=\"continue-reading-link\" href=\"https:\/\/valdelsacorse.it\/?p=2415\"><span>Continua a leggere<\/span><i class=\"crycon-right-dir\"><\/i><\/a> <\/p>\n","protected":false},"author":1,"featured_media":2416,"comment_status":"closed","ping_status":"closed","sticky":false,"template":"","format":"standard","meta":{"ngg_post_thumbnail":0,"footnotes":""},"categories":[13],"tags":[],"class_list":["post-2415","post","type-post","status-publish","format-standard","has-post-thumbnail","hentry","category-edizione-2025"],"_links":{"self":[{"href":"https:\/\/valdelsacorse.it\/index.php?rest_route=\/wp\/v2\/posts\/2415","targetHints":{"allow":["GET"]}}],"collection":[{"href":"https:\/\/valdelsacorse.it\/index.php?rest_route=\/wp\/v2\/posts"}],"about":[{"href":"https:\/\/valdelsacorse.it\/index.php?rest_route=\/wp\/v2\/types\/post"}],"author":[{"embeddable":true,"href":"https:\/\/valdelsacorse.it\/index.php?rest_route=\/wp\/v2\/users\/1"}],"replies":[{"embeddable":true,"href":"https:\/\/valdelsacorse.it\/index.php?rest_route=%2Fwp%2Fv2%2Fcomments&post=2415"}],"version-history":[{"count":3,"href":"https:\/\/valdelsacorse.it\/index.php?rest_route=\/wp\/v2\/posts\/2415\/revisions"}],"predecessor-version":[{"id":2422,"href":"https:\/\/valdelsacorse.it\/index.php?rest_route=\/wp\/v2\/posts\/2415\/revisions\/2422"}],"wp:featuredmedia":[{"embeddable":true,"href":"https:\/\/valdelsacorse.it\/index.php?rest_route=\/wp\/v2\/media\/2416"}],"wp:attachment":[{"href":"https:\/\/valdelsacorse.it\/index.php?rest_route=%2Fwp%2Fv2%2Fmedia&parent=2415"}],"wp:term":[{"taxonomy":"category","embeddable":true,"href":"https:\/\/valdelsacorse.it\/index.php?rest_route=%2Fwp%2Fv2%2Fcategories&post=2415"},{"taxonomy":"post_tag","embeddable":true,"href":"https:\/\/valdelsacorse.it\/index.php?rest_route=%2Fwp%2Fv2%2Ftags&post=2415"}],"curies":[{"name":"wp","href":"https:\/\/api.w.org\/{rel}","templated":true}]}}