{"id":2274,"date":"2024-08-01T17:31:24","date_gmt":"2024-08-01T15:31:24","guid":{"rendered":"https:\/\/valdelsacorse.it\/?p=2274"},"modified":"2024-12-04T17:02:36","modified_gmt":"2024-12-04T16:02:36","slug":"45o-rally-della-fettunta-e-aperta-la-cabina-di-regia-organizzatori-al-lavoro-si-corre-il-7-e-8-dicembre-sulle-strade-del-chianti","status":"publish","type":"post","link":"https:\/\/valdelsacorse.it\/?p=2274","title":{"rendered":"45\/o RALLY DELLA FETTUNTA, E\u2019 APERTA LA CABINA DI REGIA. ORGANIZZATORI AL LAVORO"},"content":{"rendered":"\n<p class=\"wp-block-paragraph\">Aperta la cabina di regia del 45\/o Rally della Fettunta, la corsa automobilistica che rinnover\u00e0 sulle strade del Chianti la passione di migliaia di sportivi annunciando la frangitura dell\u2019olio extravergine di oliva nuovo. La manifestazione \u00e8 in programma il 7 e 8 dicembre 2024 ma gi\u00e0 ora, in piena estate, gli organizzatori della scuderia Valdelsa Corse e della Scuderia Motor Team sono al lavoro per l\u2019allestimento di uno dei rally pi\u00f9 gloriosi e amati di Italia. Aver partecipato al Fettunta \u00e8 da decenni un must di tanti rallisti italiani. &nbsp;<\/p>\n\n\n\n<p class=\"wp-block-paragraph\">&nbsp;&nbsp; \u201cCi aspettano mesi intensi per l\u2019impegno e per la cura che ci onoriamo di mettere in ogni aspetto del Rally della Fettunta \u2013 spiega il presidente della Valdelsa Corse, Federico Feti \u2013 Le aspettative per la prossima edizione sono alte, abbiamo richieste di informazioni non solo da parte dei rallisti praticanti ma anche di numerosi appassionati che provano affetto per questo rally e gi\u00e0 adesso chiedono come lo organizzeremo. Il Fettunta torner\u00e0 nel format che ha ottenuto riscontri positivi al debutto nel 2023, sar\u00e0 una gara di due giorni con denominazione di rally \u2018nazionale\u2019 aperto alla partecipazione estera\u201d.<\/p>\n\n\n\n<p class=\"wp-block-paragraph\">&nbsp;&nbsp;&nbsp;&nbsp; Confermate le novit\u00e0 sperimentate nel percorso del 2023, che \u00e8 stato molto apprezzato da piloti e addetti ai lavori, cos\u00ec come in linea di massima sar\u00e0 riproposta la stessa logistica. Oltre alle vetture moderne, ci sar\u00e0 anche la sezione delle auto storiche con classifica dedicata. La gara si svolger\u00e0 sotto l\u2019egida dell\u2019Aci di Firenze e ha il sostegno dei Comuni di Barberino Tavarnelle e San Casciano Val di Pesa. Numerosi gli sponsor privati che amano associare il loro marchio a questo rally, alcuni lo fanno da tanti anni in uno spirito di sana collaborazione cui va la riconoscenza dell\u2019organizzazione della gara. Il Rally della Fettunta si corre dal 1977 ed \u00e8 un evento sportivo che supera i campanili: le popolazioni tra le province di Firenze e Siena vi si riconoscono in modo unitario.<\/p>\n","protected":false},"excerpt":{"rendered":"<p>Aperta la cabina di regia del 45\/o Rally della Fettunta, la corsa automobilistica che rinnover\u00e0 sulle strade del Chianti la passione di migliaia di sportivi annunciando la frangitura dell\u2019olio extravergine di oliva nuovo. La manifestazione \u00e8 in programma il 7 e 8 dicembre 2024 ma gi\u00e0 ora, in piena estate,\u2026<\/p>\n<p> <a class=\"continue-reading-link\" href=\"https:\/\/valdelsacorse.it\/?p=2274\"><span>Continua a leggere<\/span><i class=\"crycon-right-dir\"><\/i><\/a> <\/p>\n","protected":false},"author":1,"featured_media":2275,"comment_status":"closed","ping_status":"closed","sticky":false,"template":"","format":"standard","meta":{"ngg_post_thumbnail":0,"footnotes":""},"categories":[12],"tags":[],"class_list":["post-2274","post","type-post","status-publish","format-standard","has-post-thumbnail","hentry","category-edizione-2024"],"_links":{"self":[{"href":"https:\/\/valdelsacorse.it\/index.php?rest_route=\/wp\/v2\/posts\/2274","targetHints":{"allow":["GET"]}}],"collection":[{"href":"https:\/\/valdelsacorse.it\/index.php?rest_route=\/wp\/v2\/posts"}],"about":[{"href":"https:\/\/valdelsacorse.it\/index.php?rest_route=\/wp\/v2\/types\/post"}],"author":[{"embeddable":true,"href":"https:\/\/valdelsacorse.it\/index.php?rest_route=\/wp\/v2\/users\/1"}],"replies":[{"embeddable":true,"href":"https:\/\/valdelsacorse.it\/index.php?rest_route=%2Fwp%2Fv2%2Fcomments&post=2274"}],"version-history":[{"count":3,"href":"https:\/\/valdelsacorse.it\/index.php?rest_route=\/wp\/v2\/posts\/2274\/revisions"}],"predecessor-version":[{"id":2344,"href":"https:\/\/valdelsacorse.it\/index.php?rest_route=\/wp\/v2\/posts\/2274\/revisions\/2344"}],"wp:featuredmedia":[{"embeddable":true,"href":"https:\/\/valdelsacorse.it\/index.php?rest_route=\/wp\/v2\/media\/2275"}],"wp:attachment":[{"href":"https:\/\/valdelsacorse.it\/index.php?rest_route=%2Fwp%2Fv2%2Fmedia&parent=2274"}],"wp:term":[{"taxonomy":"category","embeddable":true,"href":"https:\/\/valdelsacorse.it\/index.php?rest_route=%2Fwp%2Fv2%2Fcategories&post=2274"},{"taxonomy":"post_tag","embeddable":true,"href":"https:\/\/valdelsacorse.it\/index.php?rest_route=%2Fwp%2Fv2%2Ftags&post=2274"}],"curies":[{"name":"wp","href":"https:\/\/api.w.org\/{rel}","templated":true}]}}