{"id":2242,"date":"2023-12-23T09:09:04","date_gmt":"2023-12-23T09:09:04","guid":{"rendered":"https:\/\/nmdesign.it\/?p=2242"},"modified":"2023-12-23T09:19:28","modified_gmt":"2023-12-23T09:19:28","slug":"alessandro-la-ferla-ho-detto-a-mia-moglie-se-vinco-il-primo-passaggio-a-tignano-vinco-il-rally-della-fettunta-lho-fatto-davvero-i-commenti-durante-la-co","status":"publish","type":"post","link":"https:\/\/valdelsacorse.it\/?p=2242","title":{"rendered":"ALESSANDRO LA FERLA: \u201cHO DETTO A MIA MOGLIE \u2018SE VINCO IL PRIMO PASSAGGIO A TIGNANO VINCO IL RALLY DELLA FETTUNTA\u2019. L\u2019HO FATTO DAVVERO\u201d. I COMMENTI DURANTE LA CORSA DEL CHIANTI"},"content":{"rendered":"\n<p class=\"wp-block-paragraph\">Questi alcuni commenti raccolti nella tappa di domenica durante lo svolgimento del 44\u00b0 Rally della Fettunta.<\/p>\n\n\n\n<p class=\"wp-block-paragraph\"><strong>AL <u>RIORDINO<\/u>_<u>DI SAN CASCIANO VAL DI PESA<\/u> DOPO CINQUE PS DISPUTATE &#8211;<\/strong><\/p>\n\n\n\n<p class=\"wp-block-paragraph\"><strong>Alessandro La Ferla<\/strong> passato in testa alla gara con un margine ampio: &#8220;Ora ci siamo, punto a vincere&#8221;.<\/p>\n\n\n\n<p class=\"wp-block-paragraph\"><strong>Vincenzo Massa<\/strong>: &#8220;Non pensavo di trovare tutto questo fondo umido, una curva mi viene bene, quella dopo no. Senza nemmeno conoscere il percorso \u00e8 tutto difficile ma ci divertiamo, il rally \u00e8 fatto di queste cose&#8221;.<\/p>\n\n\n\n<p class=\"wp-block-paragraph\"><strong>Mattia Zanin<\/strong> ha risalito posizioni: &#8220;Adesso siamo dove volevamo essere rispetto a ieri sera. Sto imparando una 4&#215;4 e ci riesco. Abbiamo trovato nebbia sulla prova alta (Pietracupa, ndr)&#8221;.<\/p>\n\n\n\n<p class=\"wp-block-paragraph\"><strong>Paolo Anselmi<\/strong>: &#8220;Ho fatto regolazioni di assetto, anche stamani le strade sono scivolose&#8221;.<\/p>\n\n\n\n<p class=\"wp-block-paragraph\"><strong>Massimiliano Boldrini<\/strong>: &#8220;Non c&#8217;\u00e8 da lamentarsi, il percorso \u00e8 selettivo, difficile e impegnativo&#8221;.<\/p>\n\n\n\n<p class=\"wp-block-paragraph\"><strong>Gianandrea Pisani<\/strong>: &#8220;Sono contento, non mi aspettavo questa classifica con questa macchina. Mi sto trovando bene, la vettura \u00e8 nuova e va bene&#8221;.&nbsp;<\/p>\n\n\n\n<p class=\"wp-block-paragraph\"><strong>Elena Fiocco<\/strong>, 18 anni, al debutto da neo-patentata e nei rally in un giorno solo col padre <strong>Daniele<\/strong>: &#8220;Ho corso gi\u00e0 molto in pista, ma il rally \u00e8 un mondo tutto nuovo che comincio a scoprire da oggi e gi\u00e0 mi piace subito. Sar\u00e0 una bella avventura&#8221;.<\/p>\n\n\n\n<p class=\"wp-block-paragraph\"><strong>AL RIORDINO ALL\u2019INDUSTRIA BACCI TRASMISSIONI DOPO SETTE PROVE SPECIALI &#8211;<\/strong><\/p>\n\n\n\n<p class=\"wp-block-paragraph\"><strong>Alessandro La Ferla <\/strong>e<strong> Giacomo Matteuzzi:<\/strong> &#8220;Siamo in testa, abbiamo consolidato il primo posto. Ora si fa gestione nelle ultime due prove&#8221;.<\/p>\n\n\n\n<p class=\"wp-block-paragraph\"><strong>Vincenzo Massa<\/strong>: &#8220;La portiamo avanti cos\u00ec, per la prima volta al Fettunta va bene&#8221;.&nbsp;<\/p>\n\n\n\n<p class=\"wp-block-paragraph\"><strong>Gianandrea Pisani <\/strong>si presenta con una botta al paraurti anteriore sinistro &#8220;Sulla Ps 6, a fine Cortine, in quinta marcia, c&#8217;\u00e8 stato qualcosa alla macchina e sono finito su un terrapieno e poi nel pantano. Girando lo sterzo, sono riuscito a trovare trazione per le ruote e a tornare in strada&#8221;.<\/p>\n\n\n\n<p class=\"wp-block-paragraph\"><strong>ALL&#8217;ARRIVO A TAVARNELLE VAL DI PESA &#8211;<\/strong><\/p>\n\n\n\n<p class=\"wp-block-paragraph\"><strong>Alessandro La Ferla vincitore assoluto con Giacomo Matteuzzi<\/strong>: &#8220;E&#8217; la mia 50\/a gara e la prima volta su una R5 \u00e8 anche la mia prima vittoria assoluta. Meglio di cos\u00ec non poteva andare. Sabato sera ho detto a mia moglie &#8216;Se riparto domenica mattina vincendo la prova di Tignano, vinco il rally&#8217;. L\u2019ho fatto davvero. Voglio tornare su questa macchina, mi piacerebbe usarla sulla terra. Di sicuro, penso che far\u00f2 meno gare ma con una vettura di questa categoria&#8221;.<\/p>\n\n\n\n<p class=\"wp-block-paragraph\"><strong>Vincenzo Massa<\/strong>, <strong>al secondo posto con<\/strong> <strong>Davide Bragaglia<\/strong>: &#8220;Non ho mai disputato rally su fondi umidi come questi del Fettunta, \u00e8 un&#8217;esperienza molto importante e formativa per un pilota che voglia cimentarsi in questo sport. La macchina \u00e8 andata molto bene, il bilancio finale \u00e8 decisamente positivo e ha meritato essere qua&#8221;.<\/p>\n\n\n\n<p class=\"wp-block-paragraph\"><strong>Mattia Zanin, terzo con Fabio Pizzol<\/strong>: &#8220;E&#8217; stata una gara complicata e stamani siamo ripartiti col piglio giusto, con decisione. Siamo stati all&#8217;altezza della situazione ed \u00e8 venuta fuori una prestazione bellissima, sono molto contento di questa esperienza con la Toyota Yaris, una 4&#215;4&#8221;.<\/p>\n\n\n\n<p class=\"wp-block-paragraph\"><strong>(Ufficio stampa Rally della Fettunta \u2013 Barberino Tavarnelle, 10 dicembre 2023).<\/strong><\/p>\n\n\n\n<figure class=\"wp-block-image size-large\"><img loading=\"lazy\" decoding=\"async\" width=\"1024\" height=\"683\" src=\"https:\/\/valdelsacorse.it\/wp-content\/uploads\/2023\/12\/PODIO-RALLY-DELLA-FETTUNTA-2023-1-1024x683.jpg\" alt=\"\" class=\"wp-image-2243\" srcset=\"https:\/\/valdelsacorse.it\/wp-content\/uploads\/2023\/12\/PODIO-RALLY-DELLA-FETTUNTA-2023-1-1024x683.jpg 1024w, https:\/\/valdelsacorse.it\/wp-content\/uploads\/2023\/12\/PODIO-RALLY-DELLA-FETTUNTA-2023-1-300x200.jpg 300w, https:\/\/valdelsacorse.it\/wp-content\/uploads\/2023\/12\/PODIO-RALLY-DELLA-FETTUNTA-2023-1-768x512.jpg 768w, https:\/\/valdelsacorse.it\/wp-content\/uploads\/2023\/12\/PODIO-RALLY-DELLA-FETTUNTA-2023-1-1536x1025.jpg 1536w, https:\/\/valdelsacorse.it\/wp-content\/uploads\/2023\/12\/PODIO-RALLY-DELLA-FETTUNTA-2023-1-150x100.jpg 150w, https:\/\/valdelsacorse.it\/wp-content\/uploads\/2023\/12\/PODIO-RALLY-DELLA-FETTUNTA-2023-1.jpg 2048w\" sizes=\"auto, (max-width: 1024px) 100vw, 1024px\" \/><\/figure>\n","protected":false},"excerpt":{"rendered":"<p>Questi alcuni commenti raccolti nella tappa di domenica durante lo svolgimento del 44\u00b0 Rally della Fettunta. AL RIORDINO_DI SAN CASCIANO VAL DI PESA DOPO CINQUE PS DISPUTATE &#8211; Alessandro La Ferla passato in testa alla gara con un margine ampio: &#8220;Ora ci siamo, punto a vincere&#8221;. Vincenzo Massa: &#8220;Non pensavo\u2026<\/p>\n<p> <a class=\"continue-reading-link\" href=\"https:\/\/valdelsacorse.it\/?p=2242\"><span>Continua a leggere<\/span><i class=\"crycon-right-dir\"><\/i><\/a> <\/p>\n","protected":false},"author":1,"featured_media":0,"comment_status":"closed","ping_status":"closed","sticky":false,"template":"","format":"standard","meta":{"ngg_post_thumbnail":0,"footnotes":""},"categories":[11],"tags":[],"class_list":["post-2242","post","type-post","status-publish","format-standard","hentry","category-edizione-2023"],"_links":{"self":[{"href":"https:\/\/valdelsacorse.it\/index.php?rest_route=\/wp\/v2\/posts\/2242","targetHints":{"allow":["GET"]}}],"collection":[{"href":"https:\/\/valdelsacorse.it\/index.php?rest_route=\/wp\/v2\/posts"}],"about":[{"href":"https:\/\/valdelsacorse.it\/index.php?rest_route=\/wp\/v2\/types\/post"}],"author":[{"embeddable":true,"href":"https:\/\/valdelsacorse.it\/index.php?rest_route=\/wp\/v2\/users\/1"}],"replies":[{"embeddable":true,"href":"https:\/\/valdelsacorse.it\/index.php?rest_route=%2Fwp%2Fv2%2Fcomments&post=2242"}],"version-history":[{"count":1,"href":"https:\/\/valdelsacorse.it\/index.php?rest_route=\/wp\/v2\/posts\/2242\/revisions"}],"predecessor-version":[{"id":2245,"href":"https:\/\/valdelsacorse.it\/index.php?rest_route=\/wp\/v2\/posts\/2242\/revisions\/2245"}],"wp:attachment":[{"href":"https:\/\/valdelsacorse.it\/index.php?rest_route=%2Fwp%2Fv2%2Fmedia&parent=2242"}],"wp:term":[{"taxonomy":"category","embeddable":true,"href":"https:\/\/valdelsacorse.it\/index.php?rest_route=%2Fwp%2Fv2%2Fcategories&post=2242"},{"taxonomy":"post_tag","embeddable":true,"href":"https:\/\/valdelsacorse.it\/index.php?rest_route=%2Fwp%2Fv2%2Ftags&post=2242"}],"curies":[{"name":"wp","href":"https:\/\/api.w.org\/{rel}","templated":true}]}}