{"id":2231,"date":"2023-12-09T19:40:38","date_gmt":"2023-12-09T19:40:38","guid":{"rendered":"https:\/\/nmdesign.it\/?p=2231"},"modified":"2025-12-05T14:11:35","modified_gmt":"2025-12-05T13:11:35","slug":"prima-tappa-del-fettunta-da-leader-per-vincenzo-massa-alessandro-la-ferla-gli-e-vicino-terzo-anselmi","status":"publish","type":"post","link":"https:\/\/valdelsacorse.it\/?p=2231","title":{"rendered":"PRIMA TAPPA DEL FETTUNTA DA LEADER PER VINCENZO MASSA. ALESSANDRO LA FERLA GLI E\u2019 VICINO, TERZO ANSELMI."},"content":{"rendered":"\n<p class=\"wp-block-paragraph\"><\/p>\n\n\n\n<p class=\"wp-block-paragraph\"><\/p>\n\n\n\n<p class=\"wp-block-paragraph\"><strong>MATTIA ZANIN OTTIMO QUARTO SU TOYOTA. LA TATTICA DI PISANI SUL FONDO VISCIDO. REBUS GOMME PER TUTTI<\/strong><\/p>\n\n\n\n<p class=\"wp-block-paragraph\">Sono i laziali Vincenzo Massa e Davide Bragaglia, su Skoda Fabia gommata Pirelli, i primi leader del 44\/o Rally della Fettunta al riordino serale del sabato dopo le due prove speciali di Sambuca Val di Pesa corse davanti a centinaia di spettatori. L&#8217;equipaggio della Loran srl ha un vantaggio di 3\u201d su Alessandro La Ferla e Giacomo Matteuzzi su una Skoda della Gima con pneumatici Michelin, e 6\u201d9 su Paolo Anselmi e Andrea Nardini anche loro su Skoda e con gomme Pirelli, con vettura del Team D&#8217;Ambra nei colori della Valdelsa Corse.&nbsp;<\/p>\n\n\n\n<p class=\"wp-block-paragraph\">Grande prima giornata per i trevigiani Mattia Zanin e Fabio Pizzol, quarti assoluti sulla Toyota Yaris 4&#215;4 a solo 11\u201d9 dalla vetta. La seconda prova \u00e8 stata fatta coi fari supplementari per il buio. Domenica seconda tappa con altre sette prove speciali (per residui 46,5 km cronometrati). Le partenze saranno date nell&#8217;ordine della classifica provvisoria.<\/p>\n\n\n\n<p class=\"wp-block-paragraph\">&nbsp;&nbsp;&nbsp; Ecco alcuni commenti raccolti fra i conduttori il sabato al riordino serale allestito nei piazzali dell&#8217;industria di cucine Effeti. Vincenzo Massa: &#8220;Sono in testa in una gara che non conosco, per me \u00e8 una sorpresa. Non so nulla di questo rally ma scopro che ha un fondo umido e bisogna lavorarci. Finora tutto sta andando bene, continuiamo cos\u00ec&#8221;.<\/p>\n\n\n\n<p class=\"wp-block-paragraph\">&nbsp;&nbsp;&nbsp; Il sancascianese Alessandro La Ferla alla prima volta su una vettura R5: &#8220;Stiamo precisi, accorti, andiamo bene cos\u00ec. Siamo in ottime condizioni. La macchina va bene. Devo impararla. Nel secondo passaggio si scivolava di pi\u00f9. Ora pensiamo a domenica&#8221;.&nbsp;&nbsp;&nbsp;&nbsp;<\/p>\n\n\n\n<p class=\"wp-block-paragraph\">&nbsp;&nbsp; Paolo Anselmi anche lui su Skoda: &#8220;E&#8217; molto scivoloso, tendiamo a frenare pi\u00f9 del dovuto. Pi\u00f9 che cerchiamo l&#8217;asciutto e pi\u00f9 che troviamo viscido, \u00e8 successo soprattutto nel secondo passaggio&#8221;.<\/p>\n\n\n\n<p class=\"wp-block-paragraph\">&nbsp;&nbsp;&nbsp; Mattia Zanin \u00e8 ottimo quarto anche se insieme all&#8217;assistenza di Ndm Tecno sta risolvendo alcuni problemi che lo hanno leggermente rallentato gi\u00e0 nello shakedown: &#8220;La gara sta andando bene, siamo contenti. Da due anni mi sono innamorato del Fettunta, anche se il podio ci era sfuggito per appena un decimo di secondo. Le prove sono meravigliose, domani cercheremo di fare del nostro meglio: difficile prendere il podio, staremo a vedere&#8221;.<\/p>\n\n\n\n<p class=\"wp-block-paragraph\">&nbsp;&nbsp;&nbsp; Il campione italiano 2 Ruote Motrici Gianandrea Pisani \u00e8 nono assoluto con la Clio Rally 5: &#8220;Inconsciamente ho preferito lasciarmi passare avanti qualche macchina perch\u00e8 domenica ripartiamo in ordine di classifica, cos\u00ec posso vedere le traiettorie e magari quelli davanti puliscono anche un po&#8217; il fondo. Sono contento di come sto andando e della vettura&#8221;.<\/p>\n\n\n\n<p class=\"wp-block-paragraph\">&nbsp;&nbsp; Andrea Mazzocchi, quinto, dopo un dritto e retromarcia con la macchina fredda alla seconda inversione di Sambuca, trova confidenza sulla strada che sale a San Donato in Poggio. &#8220;La macchina mi parte da tutti i lati &#8211; dice il pilota di Mercatale Val di Pesa &#8211; \u00e8 impegnativo tenerla in questo fondo umido, ci prendo la mano chilometro dopo chilometro&#8221;.<\/p>\n\n\n\n<p class=\"wp-block-paragraph\">&nbsp;&nbsp; Tra le Super 1600 Francesco Paolini annuncia una rivoluzione nelle gomme: &#8220;Domenica riparto con le Michelin, voglio cambiare. Non si sta dritti, sembra di andare sulle uova&#8221;. Paolini \u00e8 partito con le Pirelli. Fra i portacolori Valdelsa Corse Massimiliano Boldrini avvisa: &#8220;Non c&#8217;\u00e8 solo asfalto umido, ma anche fango nei tagli, pur piccoli, che si deve fare, \u00e8 difficile&#8221;.<\/p>\n\n\n\n<p class=\"wp-block-paragraph\">\u00a0\u00a0 Matteo Corti, che ha sospeso i panni di organizzatore, ha fatto una sostanziale modifica ai pneumatici fra prima e seconda ps dopo essersi girato in un tratto misto nella parte a salire. &#8220;Ho cambiato le posteriori, ero partito con delle Pirelli 7 ma ci ho messo le Cinturato e andiamo meglio. Questo cambiamento mi convince per le prove che affronteremo domenica&#8221;.<\/p>\n\n\n\n<p class=\"wp-block-paragraph\">\u00a0\u00a0\u00a0 Il veronese Daniele Fiocco, driver di prestigioso curriculum agonistico, si \u00e8 presentato con una sorpresa accanto a lui: &#8220;Mia figlia Elena, 18 anni, ha preso patente e licenza oggi, stamani (sabato 9 dicembre, ndr) ed ora \u00e8 qui in vettura con me. E&#8217; la sua prima gara ed \u00e8 andata benissimo, siamo ottavi assoluti. Io ero stato a correre il Fettunta l&#8217;ultima volta nel 1998. Trovo tutta un&#8217;altra gara, ma con lo stesso fascino di queste strade&#8221;.\u00a0<\/p>\n\n\n\n<figure class=\"wp-block-image size-large\"><img loading=\"lazy\" decoding=\"async\" width=\"1024\" height=\"683\" src=\"https:\/\/valdelsacorse.it\/wp-content\/uploads\/2023\/12\/Mass-di-Simonelli-IMG-20231209-WA0169-1024x683.jpg\" alt=\"\" class=\"wp-image-2232\" srcset=\"https:\/\/valdelsacorse.it\/wp-content\/uploads\/2023\/12\/Mass-di-Simonelli-IMG-20231209-WA0169-1024x683.jpg 1024w, https:\/\/valdelsacorse.it\/wp-content\/uploads\/2023\/12\/Mass-di-Simonelli-IMG-20231209-WA0169-300x200.jpg 300w, https:\/\/valdelsacorse.it\/wp-content\/uploads\/2023\/12\/Mass-di-Simonelli-IMG-20231209-WA0169-768x512.jpg 768w, https:\/\/valdelsacorse.it\/wp-content\/uploads\/2023\/12\/Mass-di-Simonelli-IMG-20231209-WA0169-1536x1025.jpg 1536w, https:\/\/valdelsacorse.it\/wp-content\/uploads\/2023\/12\/Mass-di-Simonelli-IMG-20231209-WA0169-150x100.jpg 150w, https:\/\/valdelsacorse.it\/wp-content\/uploads\/2023\/12\/Mass-di-Simonelli-IMG-20231209-WA0169.jpg 2048w\" sizes=\"auto, (max-width: 1024px) 100vw, 1024px\" \/><\/figure>\n\n\n\n<p class=\"wp-block-paragraph\">(la foto \u00e8 di Thomas Simonelli)<\/p>\n","protected":false},"excerpt":{"rendered":"<p>MATTIA ZANIN OTTIMO QUARTO SU TOYOTA. LA TATTICA DI PISANI SUL FONDO VISCIDO. REBUS GOMME PER TUTTI Sono i laziali Vincenzo Massa e Davide Bragaglia, su Skoda Fabia gommata Pirelli, i primi leader del 44\/o Rally della Fettunta al riordino serale del sabato dopo le due prove speciali di Sambuca\u2026<\/p>\n<p> <a class=\"continue-reading-link\" href=\"https:\/\/valdelsacorse.it\/?p=2231\"><span>Continua a leggere<\/span><i class=\"crycon-right-dir\"><\/i><\/a> <\/p>\n","protected":false},"author":1,"featured_media":0,"comment_status":"closed","ping_status":"closed","sticky":false,"template":"","format":"standard","meta":{"ngg_post_thumbnail":0,"footnotes":""},"categories":[11],"tags":[],"class_list":["post-2231","post","type-post","status-publish","format-standard","hentry","category-edizione-2023"],"_links":{"self":[{"href":"https:\/\/valdelsacorse.it\/index.php?rest_route=\/wp\/v2\/posts\/2231","targetHints":{"allow":["GET"]}}],"collection":[{"href":"https:\/\/valdelsacorse.it\/index.php?rest_route=\/wp\/v2\/posts"}],"about":[{"href":"https:\/\/valdelsacorse.it\/index.php?rest_route=\/wp\/v2\/types\/post"}],"author":[{"embeddable":true,"href":"https:\/\/valdelsacorse.it\/index.php?rest_route=\/wp\/v2\/users\/1"}],"replies":[{"embeddable":true,"href":"https:\/\/valdelsacorse.it\/index.php?rest_route=%2Fwp%2Fv2%2Fcomments&post=2231"}],"version-history":[{"count":3,"href":"https:\/\/valdelsacorse.it\/index.php?rest_route=\/wp\/v2\/posts\/2231\/revisions"}],"predecessor-version":[{"id":2238,"href":"https:\/\/valdelsacorse.it\/index.php?rest_route=\/wp\/v2\/posts\/2231\/revisions\/2238"}],"wp:attachment":[{"href":"https:\/\/valdelsacorse.it\/index.php?rest_route=%2Fwp%2Fv2%2Fmedia&parent=2231"}],"wp:term":[{"taxonomy":"category","embeddable":true,"href":"https:\/\/valdelsacorse.it\/index.php?rest_route=%2Fwp%2Fv2%2Fcategories&post=2231"},{"taxonomy":"post_tag","embeddable":true,"href":"https:\/\/valdelsacorse.it\/index.php?rest_route=%2Fwp%2Fv2%2Ftags&post=2231"}],"curies":[{"name":"wp","href":"https:\/\/api.w.org\/{rel}","templated":true}]}}