{"id":2228,"date":"2023-12-09T19:37:59","date_gmt":"2023-12-09T19:37:59","guid":{"rendered":"https:\/\/nmdesign.it\/?p=2228"},"modified":"2025-12-05T14:12:17","modified_gmt":"2025-12-05T13:12:17","slug":"il-vicecampione-italiano-lorenzo-granai-in-visita-al-rally-della-fettunta-rivela-il-suo-prossimo-debutto-da-pilota","status":"publish","type":"post","link":"https:\/\/valdelsacorse.it\/?p=2228","title":{"rendered":"IL VICECAMPIONE ITALIANO LORENZO GRANAI IN VISITA AL RALLY DELLA FETTUNTA RIVELA IL SUO PROSSIMO DEBUTTO DA PILOTA"},"content":{"rendered":"\n<p class=\"wp-block-paragraph\"><strong>\u201cIL FETTUNTA E\u2019 LA GARA DOVE HO INIZIATO NEL 1992, PER ME E\u2019 UN RICHIAMO SEMPRE FORTE, ECCO PERCHE\u2019 SONO QUA\u201d.<\/strong><\/p>\n\n\n\n<p class=\"wp-block-paragraph\">Grande sorpresa per gli appassionati di sport che si sono ritrovati a Sambuca Val di Pesa per la prima ps del Rally della Fettunta. In mezzo al loro, spettatore tra centinaia, uno dei pi\u00f9 validi protagonisti del rallismo tricolore attuale, il navigatore <strong>Lorenzo Granai<\/strong>, vicecampione italiano 2023 al fianco di Giandomenico Basso sulla Skoda Fabia della scuderia Delta Rally. Un&#8217;altra stagione importante per il blasonato rallista senese che sulle strade della Corsa del Chianti viene messa in luce.<\/p>\n\n\n\n<p class=\"wp-block-paragraph\">&nbsp; &#8220;Il Rally della Fettunta per me \u00e8 un amore di lunga data &#8211; racconta Granai -. Ho debuttato nella mia carriera di rallista proprio in questa gara, nel lontano 1992. A dicembre da queste parti c&#8217;\u00e8 la Fettunta, quindi il richiamo \u00e8 sempre forte e ho deciso di essere presente. Mi capita spesso di non essere a casa per impegni di lavoro. Tante volte ci sono state delle concomitanze e non sono potuto venire, ma quando posso al Rally della Fettunta ci vado\u201d.<\/p>\n\n\n\n<p class=\"wp-block-paragraph\">\u00a0\u00a0\u00a0\u00a0 &#8220;La gara \u00e8 cresciuta tantissimo, i ragazzi della Valdelsa Corse sono sempre molto attivi, hanno una gran passione &#8211; ha anche detto sulle evoluzioni della manifestazione -. Io sono molto amico di Alessandro Montermini e tutto lo staff \u00e8 fatto di appassionati. Quando si ha la passione, le cose riescono bene perch\u00e9 ci si mette il cuore, l&#8217;anima. E&#8217; bello vedere che questa gara \u00e8 cresciuta. E&#8217; sempre stata il richiamo per tanti a dicembre il Rally della Fettunta, ma la corsa \u00e8 ancora cresciuta, sono cresciute le prove, i chilometraggi, quest&#8217;anno \u00e8 una gara in formato nazionale, quindi molto bello&#8221;.<\/p>\n\n\n\n<p class=\"wp-block-paragraph\">&nbsp; Ma Granai ha rivelato anche una novit\u00e0 che lo riguarda, proprio parlandone al sito www.valdelsacorse.it: \u201cE\u2019 vero, c\u2019\u00e8 una novit\u00e0, al Ciocchetto debutter\u00f2 da pilota. A una settimana dal Natale \u00e8 una gara anche questa che mi ricorda quando andavo a vedere i rally di campionato italiano al Ciocco. Gianni della Laserprom mi ha messo a disposizione una Clio della categoria Rally 5, una vettura di queste nuove&#8230; Porto al debutto la figlia di amici di famiglia, da navigatrice, so che \u00e8 emozionata e che ci tiene&#8221;. E per il 2024? &#8220;Non so niente, non vedo, non sento, non parlo\u201d, scherza Lorenzo Granai tenendosi per s\u00e9, per il momento, i programmi con Giandomenico Basso.<\/p>\n\n\n\n<figure class=\"wp-block-image size-large\"><img loading=\"lazy\" decoding=\"async\" width=\"1024\" height=\"472\" src=\"https:\/\/valdelsacorse.it\/wp-content\/uploads\/2023\/12\/GRANAI-AL-FETTUNTA-1024x472.jpg\" alt=\"\" class=\"wp-image-2229\" srcset=\"https:\/\/valdelsacorse.it\/wp-content\/uploads\/2023\/12\/GRANAI-AL-FETTUNTA-1024x472.jpg 1024w, https:\/\/valdelsacorse.it\/wp-content\/uploads\/2023\/12\/GRANAI-AL-FETTUNTA-300x138.jpg 300w, https:\/\/valdelsacorse.it\/wp-content\/uploads\/2023\/12\/GRANAI-AL-FETTUNTA-768x354.jpg 768w, https:\/\/valdelsacorse.it\/wp-content\/uploads\/2023\/12\/GRANAI-AL-FETTUNTA-1536x709.jpg 1536w, https:\/\/valdelsacorse.it\/wp-content\/uploads\/2023\/12\/GRANAI-AL-FETTUNTA-2048x945.jpg 2048w, https:\/\/valdelsacorse.it\/wp-content\/uploads\/2023\/12\/GRANAI-AL-FETTUNTA-150x69.jpg 150w\" sizes=\"auto, (max-width: 1024px) 100vw, 1024px\" \/><\/figure>\n","protected":false},"excerpt":{"rendered":"<p>\u201cIL FETTUNTA E\u2019 LA GARA DOVE HO INIZIATO NEL 1992, PER ME E\u2019 UN RICHIAMO SEMPRE FORTE, ECCO PERCHE\u2019 SONO QUA\u201d. Grande sorpresa per gli appassionati di sport che si sono ritrovati a Sambuca Val di Pesa per la prima ps del Rally della Fettunta. In mezzo al loro, spettatore\u2026<\/p>\n<p> <a class=\"continue-reading-link\" href=\"https:\/\/valdelsacorse.it\/?p=2228\"><span>Continua a leggere<\/span><i class=\"crycon-right-dir\"><\/i><\/a> <\/p>\n","protected":false},"author":1,"featured_media":0,"comment_status":"closed","ping_status":"closed","sticky":false,"template":"","format":"standard","meta":{"ngg_post_thumbnail":0,"footnotes":""},"categories":[11],"tags":[],"class_list":["post-2228","post","type-post","status-publish","format-standard","hentry","category-edizione-2023"],"_links":{"self":[{"href":"https:\/\/valdelsacorse.it\/index.php?rest_route=\/wp\/v2\/posts\/2228","targetHints":{"allow":["GET"]}}],"collection":[{"href":"https:\/\/valdelsacorse.it\/index.php?rest_route=\/wp\/v2\/posts"}],"about":[{"href":"https:\/\/valdelsacorse.it\/index.php?rest_route=\/wp\/v2\/types\/post"}],"author":[{"embeddable":true,"href":"https:\/\/valdelsacorse.it\/index.php?rest_route=\/wp\/v2\/users\/1"}],"replies":[{"embeddable":true,"href":"https:\/\/valdelsacorse.it\/index.php?rest_route=%2Fwp%2Fv2%2Fcomments&post=2228"}],"version-history":[{"count":4,"href":"https:\/\/valdelsacorse.it\/index.php?rest_route=\/wp\/v2\/posts\/2228\/revisions"}],"predecessor-version":[{"id":2236,"href":"https:\/\/valdelsacorse.it\/index.php?rest_route=\/wp\/v2\/posts\/2228\/revisions\/2236"}],"wp:attachment":[{"href":"https:\/\/valdelsacorse.it\/index.php?rest_route=%2Fwp%2Fv2%2Fmedia&parent=2228"}],"wp:term":[{"taxonomy":"category","embeddable":true,"href":"https:\/\/valdelsacorse.it\/index.php?rest_route=%2Fwp%2Fv2%2Fcategories&post=2228"},{"taxonomy":"post_tag","embeddable":true,"href":"https:\/\/valdelsacorse.it\/index.php?rest_route=%2Fwp%2Fv2%2Ftags&post=2228"}],"curies":[{"name":"wp","href":"https:\/\/api.w.org\/{rel}","templated":true}]}}