{"id":2221,"date":"2023-12-08T12:50:53","date_gmt":"2023-12-08T12:50:53","guid":{"rendered":"https:\/\/nmdesign.it\/?p=2221"},"modified":"2023-12-09T15:50:16","modified_gmt":"2023-12-09T15:50:16","slug":"pattuglia-skoda-illumina-il-rally-della-fettunta-anselmi-la-ferla-massa-mazzocchi-allattacco","status":"publish","type":"post","link":"https:\/\/valdelsacorse.it\/?p=2221","title":{"rendered":"PATTUGLIA SKODA ILLUMINA IL RALLY DELLA FETTUNTA:\u00a0ANSELMI, LA FERLA, MASSA, MAZZOCCHI ALL&#8217;ATTACCO"},"content":{"rendered":"\n<p class=\"wp-block-paragraph\"><strong> ZANIN E PISANI CERCANO L\u2019EXPLOIT. CANDIDATI AI VERTICI FIOCCO, CORTI, ZANON, MORICCI<\/strong><\/p>\n\n\n\n<p class=\"wp-block-paragraph\">&nbsp;&nbsp;&nbsp;&nbsp; Una pattuglia di Skoda Fabia R5, gran parte in versione Evo, spicca nel pacchetto di mischia &#8211; di piloti, di navigatori e di macchine \u2013 che affronter\u00e0 il <strong>44\/o Rally della Fettunta il 9 e 10 dicembre 2023<\/strong> sulle strade del Chianti, con quartier generale a Tavarnelle Val di Pesa (Firenze) e organizzazione della scuderia Valdelsa Corse asd, in collaborazione con Scuderia Motor Team e con il sostegno di Aci Firenze. Per la prima volta la gara avr\u00e0 le top car della categoria R5, vetture protagoniste nel campionato del mondo. Puntano decisamente ai primi tre posti della classifica generale i piloti iscritti con le vetture della casa della Repubblica Ceca, caso di successo nell\u2019industria automobilistica sportiva per diffusione commerciale e apprezzamento in tutto il mondo. Le pilotano <strong>Alessandro La Ferla<\/strong>, al debutto con una vettura R5, che porta in gara un esemplare della Gima ed \u00e8 navigato da Giacomo Matteuzzi; <strong>Paolo Anselmi<\/strong> e il copilota <strong>Andrea Nardini<\/strong>, portacolori Valdelsa, su auto del team D&#8217;Ambra; <strong>Andrea Mazzocchi<\/strong> con Sara Torielli, anche loro su vettura Gima Autosport. Sono tre equipaggi della Val di Pesa. Una quarta Skoda, col numero 1 sulle portiere, \u00e8 per il laziale <strong>Vincenzo Massa<\/strong> con <strong>Davide Bragaglia<\/strong> alle note, in questo caso si tratta di un mezzo della MM Motorsport. Alle spalle una muta di Renault Clio Super 1600, tra cui quelle dell&#8217;altoatesino <strong>Bernd Zanon<\/strong>, veloce frequentatore dei rally mitteleuropei che ritrova sui fondi asfaltati chiantigiani caratteristiche simili, e del grossetano <strong>Francesco Paolini<\/strong>, ottimo vincitore del Fettunta nel 2018. Attesi con lo stesso tipo di vetture i senesi <strong>Matteo Agnorelli<\/strong>, con <strong>Claudio Masti<\/strong>, e <strong>Massimiliano Boldrini<\/strong> con <strong>Simone Franchi<\/strong>. Per la classifica assoluta fari puntati sugli exploit del trevigiano <strong>Mattia Zanin<\/strong> e del versiliese <strong>Gianandrea Pisani<\/strong>, piloti di razza. Zanin, 22enne, \u00e8 con la Toyota Yaris Gr 4&#215;4, marchio Campione del Mondo Rally Costruttori e Piloti 2023. Zanin \u00e8 reduce dal suo primo Campionato Europeo Rally e pu\u00f2 puntare alto dopo il terzo posto al Rally di Scandicci, primo podio conquistato in Italia dalla marca giapponese grazie a lui. <strong>Mattia Zanin<\/strong>, per la terza volta al Fettunta, sfrutter\u00e0 un tracciato idoneo a formare giovani piloti proiettati sui campionati internazionali.<\/p>\n\n\n\n<p class=\"wp-block-paragraph\">&nbsp;&nbsp;&nbsp; In gara anche <strong>il Campione italiano rally 2023 per le 2 Ruote motrici Gianandrea Pisani<\/strong> che dar\u00e0 un saggio della sua abilit\u00e0 con una Renault Clio Rally 5 nei colori Jolly Racing Team. Scaler\u00e0 la classifica: Pisani sa tirare fuori il meglio di ogni vettura che guida e per tutto l\u2019anno ha impressionato gli osservatori lungo le prove speciali della Penisola.<\/p>\n\n\n\n<p class=\"wp-block-paragraph\">&nbsp;&nbsp; Sono da seguire le prestazioni del forte veneto <strong>Daniele Fiocco<\/strong>, su Clio Williams della Top Rally, da lustri garanzia di spettacolo nei rally italiani, del toscano<strong> Paolo Moricci <\/strong>su Clio Rally 4, dell&#8217;emiliano <strong>Davide Incerti<\/strong> sulla Citroen Ds3 R3, e quelle della Subaru Impreza classe N4 di <strong>Alberto Nocentini<\/strong> e del veneto <strong>Roberto Pilat<\/strong> su 205 Rally abituale iscritto alla manifestazione.<\/p>\n\n\n\n<p class=\"wp-block-paragraph\">\u00a0\u00a0\u00a0 Per il terzo anno consecutivo corre al Fettunta il tedesco <strong>Wolfgang Irlacher<\/strong>, su Peugeot 208 Rally 4. E\u2019 navigato da <strong>Regina Miedl<\/strong>. Il pilota teutonico esce volentieri dalla sua Germania per correre nel Belpaese. Trover\u00e0 nella stessa classe anche l&#8217;equipaggio locale formato da <strong>Matteo Corti<\/strong> e <strong>Cristian Pollini<\/strong> (Valdelsa Corse), che sulle strade di casa fanno sempre ottimi risultati. Al via una sola donna alla guida, la folignate <strong>Chiara Galli<\/strong> con <strong>Andrea Cecchi<\/strong> copilota, in classe Rally5 su Renault.<\/p>\n\n\n\n<figure class=\"wp-block-image size-large\"><img loading=\"lazy\" decoding=\"async\" width=\"1024\" height=\"682\" src=\"https:\/\/valdelsacorse.it\/wp-content\/uploads\/2023\/12\/foto-1024x682.jpg\" alt=\"\" class=\"wp-image-2222\" srcset=\"https:\/\/valdelsacorse.it\/wp-content\/uploads\/2023\/12\/foto-1024x682.jpg 1024w, https:\/\/valdelsacorse.it\/wp-content\/uploads\/2023\/12\/foto-300x200.jpg 300w, https:\/\/valdelsacorse.it\/wp-content\/uploads\/2023\/12\/foto-768x511.jpg 768w, https:\/\/valdelsacorse.it\/wp-content\/uploads\/2023\/12\/foto-150x100.jpg 150w, https:\/\/valdelsacorse.it\/wp-content\/uploads\/2023\/12\/foto.jpg 1480w\" sizes=\"auto, (max-width: 1024px) 100vw, 1024px\" \/><\/figure>\n","protected":false},"excerpt":{"rendered":"<p>ZANIN E PISANI CERCANO L\u2019EXPLOIT. CANDIDATI AI VERTICI FIOCCO, CORTI, ZANON, MORICCI &nbsp;&nbsp;&nbsp;&nbsp; Una pattuglia di Skoda Fabia R5, gran parte in versione Evo, spicca nel pacchetto di mischia &#8211; di piloti, di navigatori e di macchine \u2013 che affronter\u00e0 il 44\/o Rally della Fettunta il 9 e 10 dicembre\u2026<\/p>\n<p> <a class=\"continue-reading-link\" href=\"https:\/\/valdelsacorse.it\/?p=2221\"><span>Continua a leggere<\/span><i class=\"crycon-right-dir\"><\/i><\/a> <\/p>\n","protected":false},"author":1,"featured_media":0,"comment_status":"closed","ping_status":"closed","sticky":false,"template":"","format":"standard","meta":{"ngg_post_thumbnail":0,"footnotes":""},"categories":[11],"tags":[],"class_list":["post-2221","post","type-post","status-publish","format-standard","hentry","category-edizione-2023"],"_links":{"self":[{"href":"https:\/\/valdelsacorse.it\/index.php?rest_route=\/wp\/v2\/posts\/2221","targetHints":{"allow":["GET"]}}],"collection":[{"href":"https:\/\/valdelsacorse.it\/index.php?rest_route=\/wp\/v2\/posts"}],"about":[{"href":"https:\/\/valdelsacorse.it\/index.php?rest_route=\/wp\/v2\/types\/post"}],"author":[{"embeddable":true,"href":"https:\/\/valdelsacorse.it\/index.php?rest_route=\/wp\/v2\/users\/1"}],"replies":[{"embeddable":true,"href":"https:\/\/valdelsacorse.it\/index.php?rest_route=%2Fwp%2Fv2%2Fcomments&post=2221"}],"version-history":[{"count":1,"href":"https:\/\/valdelsacorse.it\/index.php?rest_route=\/wp\/v2\/posts\/2221\/revisions"}],"predecessor-version":[{"id":2223,"href":"https:\/\/valdelsacorse.it\/index.php?rest_route=\/wp\/v2\/posts\/2221\/revisions\/2223"}],"wp:attachment":[{"href":"https:\/\/valdelsacorse.it\/index.php?rest_route=%2Fwp%2Fv2%2Fmedia&parent=2221"}],"wp:term":[{"taxonomy":"category","embeddable":true,"href":"https:\/\/valdelsacorse.it\/index.php?rest_route=%2Fwp%2Fv2%2Fcategories&post=2221"},{"taxonomy":"post_tag","embeddable":true,"href":"https:\/\/valdelsacorse.it\/index.php?rest_route=%2Fwp%2Fv2%2Ftags&post=2221"}],"curies":[{"name":"wp","href":"https:\/\/api.w.org\/{rel}","templated":true}]}}