{"id":2044,"date":"2023-09-03T14:36:13","date_gmt":"2023-09-03T14:36:13","guid":{"rendered":"https:\/\/nmdesign.it\/?p=2044"},"modified":"2023-09-12T07:47:08","modified_gmt":"2023-09-12T07:47:08","slug":"il-rally-della-fettunta-diventa-piu-grande-tante-novita-tributo-allo-show-due-giorni-di-spettacolo-tornano-le-storiche","status":"publish","type":"post","link":"https:\/\/valdelsacorse.it\/?p=2044","title":{"rendered":"IL RALLY DELLA FETTUNTA DIVENTA PIU&#8217; GRANDE. TANTE NOVITA&#8217; , TRIBUTO ALLO SHOW , DUE GIORNI DI SPETTACOLO. TORNANO LE STORICHE"},"content":{"rendered":"\n<p class=\"wp-block-paragraph\">Cantieri aperti e tante novit\u00e0 in preparazione per l&#8217;organizzazione del Rally della Fettunta. La corsa del Chianti che celebra l&#8217;olio extravergine di oliva nuovo si disputer\u00e0 il 9 e 10 dicembre 2023 nelle province di Firenze e Siena e con base a Tavarnelle Val di Pesa. La manifestazione diventa &#8220;pi\u00f9 grande&#8221; cambiando format da rallyday a rally nazionale passando dal consueto giorno di durata a due giornate di gara. Sono previste nove prove speciali per oltre 50 km di tratti cronometrati. Le ps sono ricalcate su quelle consuete delle ultime edizioni e attraversano i paesaggi chiantigiani nei comuni di Barberino Tavarnelle, San Casciano Val di Pesa e Castellina in Chianti .<br>Si correr\u00e0 sia il sabato, con due ps, sia la domenica, con le restanti sette prove speciali. La ps del sabato \u00e8 la stessa da ripetere due volte ed \u00e8 stata ideata per dare agli spettatori un fine settimana da motor show. Tra le ps della domenica, una, diventata ormai una classica, \u00e8 stata allungata a 10 km. Sono confermate tutte le caratteristiche tecniche del percorso, che notoriamente \u00e8 apprezzato dai concorrenti di tutta Italia per gli elevati standard organizzativi e per le similitudini coi pi\u00f9 blasonati tracciati europei su asfalto. Il Fettunta \u00e8 anche rally riconosciuto come utile gara test per vetture e gomme, anche in vista della nuova stagione.<br>Inoltre, a grande richiesta, torneranno finalmente a correre sulle strade del Chianti le vetture storiche per la 16\/a edizione del Rally storico della Fettunta: un ritorno possibile proprio grazie al nuovo assetto della manifestazione.<\/p>\n\n\n\n<figure class=\"wp-block-image size-large\"><img loading=\"lazy\" decoding=\"async\" width=\"1024\" height=\"559\" src=\"https:\/\/valdelsacorse.it\/wp-content\/uploads\/2023\/09\/Logo2023-1024x559.png\" alt=\"\" class=\"wp-image-2045\" srcset=\"https:\/\/valdelsacorse.it\/wp-content\/uploads\/2023\/09\/Logo2023-1024x559.png 1024w, https:\/\/valdelsacorse.it\/wp-content\/uploads\/2023\/09\/Logo2023-300x164.png 300w, https:\/\/valdelsacorse.it\/wp-content\/uploads\/2023\/09\/Logo2023-768x419.png 768w, https:\/\/valdelsacorse.it\/wp-content\/uploads\/2023\/09\/Logo2023-1536x838.png 1536w, https:\/\/valdelsacorse.it\/wp-content\/uploads\/2023\/09\/Logo2023-2048x1117.png 2048w, https:\/\/valdelsacorse.it\/wp-content\/uploads\/2023\/09\/Logo2023-150x82.png 150w\" sizes=\"auto, (max-width: 1024px) 100vw, 1024px\" \/><\/figure>\n","protected":false},"excerpt":{"rendered":"<p>Cantieri aperti e tante novit\u00e0 in preparazione per l&#8217;organizzazione del Rally della Fettunta. La corsa del Chianti che celebra l&#8217;olio extravergine di oliva nuovo si disputer\u00e0 il 9 e 10 dicembre 2023 nelle province di Firenze e Siena e con base a Tavarnelle Val di Pesa. La manifestazione diventa &#8220;pi\u00f9\u2026<\/p>\n<p> <a class=\"continue-reading-link\" href=\"https:\/\/valdelsacorse.it\/?p=2044\"><span>Continua a leggere<\/span><i class=\"crycon-right-dir\"><\/i><\/a> <\/p>\n","protected":false},"author":1,"featured_media":2045,"comment_status":"closed","ping_status":"closed","sticky":false,"template":"","format":"standard","meta":{"ngg_post_thumbnail":0,"footnotes":""},"categories":[11],"tags":[],"class_list":["post-2044","post","type-post","status-publish","format-standard","has-post-thumbnail","hentry","category-edizione-2023"],"_links":{"self":[{"href":"https:\/\/valdelsacorse.it\/index.php?rest_route=\/wp\/v2\/posts\/2044","targetHints":{"allow":["GET"]}}],"collection":[{"href":"https:\/\/valdelsacorse.it\/index.php?rest_route=\/wp\/v2\/posts"}],"about":[{"href":"https:\/\/valdelsacorse.it\/index.php?rest_route=\/wp\/v2\/types\/post"}],"author":[{"embeddable":true,"href":"https:\/\/valdelsacorse.it\/index.php?rest_route=\/wp\/v2\/users\/1"}],"replies":[{"embeddable":true,"href":"https:\/\/valdelsacorse.it\/index.php?rest_route=%2Fwp%2Fv2%2Fcomments&post=2044"}],"version-history":[{"count":4,"href":"https:\/\/valdelsacorse.it\/index.php?rest_route=\/wp\/v2\/posts\/2044\/revisions"}],"predecessor-version":[{"id":2052,"href":"https:\/\/valdelsacorse.it\/index.php?rest_route=\/wp\/v2\/posts\/2044\/revisions\/2052"}],"wp:featuredmedia":[{"embeddable":true,"href":"https:\/\/valdelsacorse.it\/index.php?rest_route=\/wp\/v2\/media\/2045"}],"wp:attachment":[{"href":"https:\/\/valdelsacorse.it\/index.php?rest_route=%2Fwp%2Fv2%2Fmedia&parent=2044"}],"wp:term":[{"taxonomy":"category","embeddable":true,"href":"https:\/\/valdelsacorse.it\/index.php?rest_route=%2Fwp%2Fv2%2Fcategories&post=2044"},{"taxonomy":"post_tag","embeddable":true,"href":"https:\/\/valdelsacorse.it\/index.php?rest_route=%2Fwp%2Fv2%2Ftags&post=2044"}],"curies":[{"name":"wp","href":"https:\/\/api.w.org\/{rel}","templated":true}]}}