{"id":1926,"date":"2022-11-30T20:33:03","date_gmt":"2022-11-30T20:33:03","guid":{"rendered":"https:\/\/nmdesign.it\/?p=1926"},"modified":"2022-12-04T17:24:07","modified_gmt":"2022-12-04T17:24:07","slug":"la-carica-dei-102-bocchio-pisani-e-targon-in-pole-per-conquistare-l8-rallyday-della-fettunta","status":"publish","type":"post","link":"https:\/\/valdelsacorse.it\/?p=1926","title":{"rendered":"La carica dei 102: Bocchio, Pisani e Targon in pole per conquistare l\u20198\u00b0 Rallyday della Fettunta"},"content":{"rendered":"\n<p class=\"wp-block-paragraph\">Erano tredici anni che non succedeva: l\u2019elenco iscritti dell\u20198\u00b0 Rallyday della Fettunta sar\u00e0 in tripla cifra. Sono stati 102 gli equipaggi che hanno dato fiducia a Valdelsa Corse e Livorno Rally, che col sostegno di Aci Firenze e delle amministrazioni locali organizzano per sabato 3 e domenica 4 dicembre l\u2019edizione numero 8 di una delle gare con pi\u00f9 tradizione in tutta Italia dall\u2019alto dei suoi 43 anni di storia. Oltre alle 9 vetture Super 1600 iscritte alla competizione non mancano 20 auto di classe Rally4, 5 di classe R3C e 7 di classe A7, tutte vetture che potranno giocarsi la vittoria assoluta.<br>Difficile fare pronostici ora, ma fra i nomi degli equipaggi in gara ce ne sono alcuni che spiccano per qualit\u00e0. Anzitutto fra Barberino e Tavarnelle torner\u00e0 Alessandro Bocchio, che in coppia con Leone Natoli l\u2019anno scorso conquist\u00f2 la gara. Ad attenderlo col coltello fra i denti ci saranno Mattia Targon, che con Anna Dusi forma un equipaggio veronese doc, e Gianandrea Pisani, che quest\u2019anno con Fabrizio Vecoli alle note ha vinto la classe Rally4 al Rally Il Ciocco e al Rallye Sanremo validi per l\u2019Italiano. Un occhio di riguardo verr\u00e0 riservato anche ad Alessandro La Ferla e a Gabriel Di Pietro: il primo \u00e8 un pilota di San Casciano che vorr\u00e0 stupire nella gara di casa, il secondo uno dei pi\u00f9 promettenti giovani rallisti italiani. Ma non basta: nella classe Rally4 sono di grande levatura i nomi del trevigiano Mattia Zanin, che in coppia con Fabio Pizzol quest\u2019anno ha sfiorato la conquista dell\u2019Italiano Junior, ma poi quello di Luciano D\u2019Arcio, che con Elisa Filippini vorr\u00e0 vendicarsi del secondo posto del 2021, e occhio anche a Paolo Moricci. In classe R3C, attenzione va riservata al ligure Paolo Benvenuti e al padovano Cesare Rainer, che possono rappresentare una variabile per la classifica assoluta. Grande attesa c\u2019\u00e8 anche per il tedesco Wolfgang Irlacher, che al Fettunta torna a correre con la sua inconfondibile Honda Civic accantonata negli ultimi sei mesi. Grande attesa anche per il lombardo Marco Gianesini, grande specialista delle due ruote motrici che potr\u00e0 dire la sua per la vittoria finale.<br>Il Fettunta 2022 rappresenta anche il momento del ritorno per Federico Gasperetti, il recordman di vittorie che vorr\u00e0 tenersi tutto per s\u00e9 lo scettro oggi condiviso con Paolo Ciuffi: Gasperetti, che non corre al Fettunta dal 2016, si presenta al via con una Renault Clio Rally4 per vincere la sesta volta e diventare il re della Fettunta.<br>Ad impreziosire l\u2019elenco del Fettunta 2022 ci sono anche le cinque BMW 125d che si daranno battaglia nell\u2019ultima gara del loro trofeo monomarca, la BMW Rally Cup: alla guida ci saranno il fiorentino Iacopo Lucarelli che ha gi\u00e0 conquistato il trofeo quest\u2019anno, Paolo Roveda, Carmine Alfano, Luca Toffolo e Alessandro Biondo.<br>A dare soddisfazione all\u2019organizzazione \u00e8 anche la provenienza dei piloti iscritti: se la parte del leone la fa la Toscana con 51 iscritti, 13 piloti vengono dall\u2019Emilia Romagna e dal Veneto, 8 dal Friuli<\/p>\n\n\n\n<p class=\"wp-block-paragraph\">Venezia Giulia, 4 dalla Lombardia, 3 da Piemonte, Lazio e Trentino Alto Adige, 2 dalla Liguria e uno da Umbria e Germania, a sottolineare anche l\u2019internazionalit\u00e0 della competizione.<br>Il programma di gara cos\u00ec ben premiato dagli equipaggi in gara \u00e8 un po\u2019 un ritorno al passato. Quest\u2019anno la corsa torna a mettere in programma tre prove speciali, come non accadeva dal 2019: si correr\u00e0 sulle prove di Cortine, Sicelle e Campoli, tre prove storiche che hanno scritto pagine indimenticabili del Rally della Fettunta. Il parco assistenza verr\u00e0 allestito nella zona industriale di Sambuca, mentre il riordino sar\u00e0 situato all\u2019interno della ditta \u201cBacci Trasmissioni\u201d, adiacente al parco assistenza: l\u00ec ci saranno anche le verifiche sportive, mentre le tecniche saranno effettuate nell\u2019Officina Lotti 2.0. Dopo un controllo timbro allestito a met\u00e0 giornata nell\u2019Azienda olearia del Chianti di Panzano, l\u2019arrivo \u00e8 previsto per le 15.50 in piazza Matteotti a Tavarnelle.<\/p>\n\n\n\n<figure class=\"wp-block-image size-large\"><img loading=\"lazy\" decoding=\"async\" width=\"1024\" height=\"683\" src=\"https:\/\/valdelsacorse.it\/wp-content\/uploads\/2022\/11\/Fettunta2021-5186-1024x683.jpeg\" alt=\"\" class=\"wp-image-1919\" srcset=\"https:\/\/valdelsacorse.it\/wp-content\/uploads\/2022\/11\/Fettunta2021-5186-1024x683.jpeg 1024w, https:\/\/valdelsacorse.it\/wp-content\/uploads\/2022\/11\/Fettunta2021-5186-300x200.jpeg 300w, https:\/\/valdelsacorse.it\/wp-content\/uploads\/2022\/11\/Fettunta2021-5186-768x512.jpeg 768w, https:\/\/valdelsacorse.it\/wp-content\/uploads\/2022\/11\/Fettunta2021-5186-1536x1024.jpeg 1536w, https:\/\/valdelsacorse.it\/wp-content\/uploads\/2022\/11\/Fettunta2021-5186-2048x1365.jpeg 2048w, https:\/\/valdelsacorse.it\/wp-content\/uploads\/2022\/11\/Fettunta2021-5186-150x100.jpeg 150w\" sizes=\"auto, (max-width: 1024px) 100vw, 1024px\" \/><\/figure>\n","protected":false},"excerpt":{"rendered":"<p>Erano tredici anni che non succedeva: l\u2019elenco iscritti dell\u20198\u00b0 Rallyday della Fettunta sar\u00e0 in tripla cifra. Sono stati 102 gli equipaggi che hanno dato fiducia a Valdelsa Corse e Livorno Rally, che col sostegno di Aci Firenze e delle amministrazioni locali organizzano per sabato 3 e domenica 4 dicembre l\u2019edizione\u2026<\/p>\n<p> <a class=\"continue-reading-link\" href=\"https:\/\/valdelsacorse.it\/?p=1926\"><span>Continua a leggere<\/span><i class=\"crycon-right-dir\"><\/i><\/a> <\/p>\n","protected":false},"author":1,"featured_media":1919,"comment_status":"closed","ping_status":"closed","sticky":false,"template":"","format":"standard","meta":{"ngg_post_thumbnail":0,"footnotes":""},"categories":[10],"tags":[],"class_list":["post-1926","post","type-post","status-publish","format-standard","has-post-thumbnail","hentry","category-edizione-2022"],"_links":{"self":[{"href":"https:\/\/valdelsacorse.it\/index.php?rest_route=\/wp\/v2\/posts\/1926","targetHints":{"allow":["GET"]}}],"collection":[{"href":"https:\/\/valdelsacorse.it\/index.php?rest_route=\/wp\/v2\/posts"}],"about":[{"href":"https:\/\/valdelsacorse.it\/index.php?rest_route=\/wp\/v2\/types\/post"}],"author":[{"embeddable":true,"href":"https:\/\/valdelsacorse.it\/index.php?rest_route=\/wp\/v2\/users\/1"}],"replies":[{"embeddable":true,"href":"https:\/\/valdelsacorse.it\/index.php?rest_route=%2Fwp%2Fv2%2Fcomments&post=1926"}],"version-history":[{"count":2,"href":"https:\/\/valdelsacorse.it\/index.php?rest_route=\/wp\/v2\/posts\/1926\/revisions"}],"predecessor-version":[{"id":1928,"href":"https:\/\/valdelsacorse.it\/index.php?rest_route=\/wp\/v2\/posts\/1926\/revisions\/1928"}],"wp:featuredmedia":[{"embeddable":true,"href":"https:\/\/valdelsacorse.it\/index.php?rest_route=\/wp\/v2\/media\/1919"}],"wp:attachment":[{"href":"https:\/\/valdelsacorse.it\/index.php?rest_route=%2Fwp%2Fv2%2Fmedia&parent=1926"}],"wp:term":[{"taxonomy":"category","embeddable":true,"href":"https:\/\/valdelsacorse.it\/index.php?rest_route=%2Fwp%2Fv2%2Fcategories&post=1926"},{"taxonomy":"post_tag","embeddable":true,"href":"https:\/\/valdelsacorse.it\/index.php?rest_route=%2Fwp%2Fv2%2Ftags&post=1926"}],"curies":[{"name":"wp","href":"https:\/\/api.w.org\/{rel}","templated":true}]}}