{"id":1726,"date":"2021-12-04T15:54:22","date_gmt":"2021-12-04T15:54:22","guid":{"rendered":"https:\/\/nmdesign.it\/?p=1726"},"modified":"2021-12-05T18:02:13","modified_gmt":"2021-12-05T18:02:13","slug":"vareno-grassini-il-trofeo-che-porta-il-suo-nome","status":"publish","type":"post","link":"https:\/\/valdelsacorse.it\/?p=1726","title":{"rendered":"Vareno Grassini, il trofeo che porta il suo nome &#8211; Al pi\u00f9 veloce nell\u2019ultima di Campoli l\u2019orcio di cristallo"},"content":{"rendered":"<p style=\"font-weight: 400;\"><span style=\"font-weight: 400;\">Al Fettunta, quest\u2019anno si ricorda Vareno Grassini. Il trofeo che porta il suo nome, una coppa in cristallo di Colle Val d\u2019Elsa che rappresenta un orcio richiamando l\u2019olio del territorio ma anche la citt\u00e0 natale di Vareno, sar\u00e0 assegnato a chi segner\u00e0 il miglior tempo nell\u2019ultima prova speciale (Campoli3) che sar\u00e0 rinominata Power Stage Vareno Grassini. I piloti avranno un motivo per continuare a spingere anche se la vittoria finale fosse gi\u00e0 garantita. Vareno Grassini ha legato il suo nome in maniera indissolubile alla Valdelsa Corse. Un personaggio di rilievo, un riferimento per tutto il rallismo, grazie al suo modo di interpretare la vita per quello che ha rappresentato e che tuttora rappresenta. Ha scritto pagine importanti nel mondo dei Rally, da quando, primissimi anni \u201970, si saliva in macchina per la&nbsp;&nbsp;semplice voglia e piacere di guidare, una evasione spensierata, una sferzata di adrenalina, non un \u201cImpegno\u201d per prevaricare l\u2019antagonista, per la lotta di un campionato, bens\u00ec una maniera per stare insieme, condividere una passione, l\u2019amicizia al di sopra di tutto e, soprattutto, un pretesto per prendersi in giro&#8230; da buoni toscani! per poi arrivare alle vittorie, ai campionati vinti a diventare un Campione di questo meraviglioso sport, senza per\u00f2 mai perdere i propri principi i propri valori. Un campione che capisce la realt\u00e0, capisce il suo posto nel mondo, capisce come funzionano le cose, con delle ambizioni realistiche&#8230; un Campione nella vita! Con i suoi modi semplici e genuini \u00e8 diventato un punto fermo, una colonna portante nella vita di una fra le Scuderie pi\u00f9 blasonate, innovative e storiche del panorama motoristico. Socio, consigliere ed infine Presidente della Squadra Corse Valdelsa.<br \/>\n<\/span><\/p>\n<p style=\"font-weight: 400;\"><span style=\"font-weight: 400;\"><a href=\"https:\/\/valdelsacorse.it\/wp-content\/uploads\/2021\/12\/83d5a2d7-a1bf-4f20-8558-1185e654128c.jpg\" target=\"_blank\"><img loading=\"lazy\" decoding=\"async\" class=\"alignnone wp-image-1728 size-medium\" src=\"https:\/\/valdelsacorse.it\/wp-content\/uploads\/2021\/12\/83d5a2d7-a1bf-4f20-8558-1185e654128c-300x225.jpg\" alt=\"83d5a2d7-a1bf-4f20-8558-1185e654128c\" width=\"300\" height=\"225\" srcset=\"https:\/\/valdelsacorse.it\/wp-content\/uploads\/2021\/12\/83d5a2d7-a1bf-4f20-8558-1185e654128c-300x225.jpg 300w, https:\/\/valdelsacorse.it\/wp-content\/uploads\/2021\/12\/83d5a2d7-a1bf-4f20-8558-1185e654128c-768x576.jpg 768w, https:\/\/valdelsacorse.it\/wp-content\/uploads\/2021\/12\/83d5a2d7-a1bf-4f20-8558-1185e654128c-1024x768.jpg 1024w, https:\/\/valdelsacorse.it\/wp-content\/uploads\/2021\/12\/83d5a2d7-a1bf-4f20-8558-1185e654128c-200x150.jpg 200w, https:\/\/valdelsacorse.it\/wp-content\/uploads\/2021\/12\/83d5a2d7-a1bf-4f20-8558-1185e654128c-150x113.jpg 150w, https:\/\/valdelsacorse.it\/wp-content\/uploads\/2021\/12\/83d5a2d7-a1bf-4f20-8558-1185e654128c.jpg 2048w\" sizes=\"auto, (max-width: 300px) 100vw, 300px\" \/><\/a><\/span><\/p>\n<p style=\"font-weight: 400;\"><span style=\"font-weight: 400;\"><a href=\"https:\/\/valdelsacorse.it\/wp-content\/uploads\/2021\/12\/fb7d78bc-30ed-4c4e-b1a2-e74344ff7f1e.jpg\" target=\"_blank\"><img loading=\"lazy\" decoding=\"async\" class=\"alignnone wp-image-1727 size-medium\" src=\"https:\/\/valdelsacorse.it\/wp-content\/uploads\/2021\/12\/fb7d78bc-30ed-4c4e-b1a2-e74344ff7f1e-300x200.jpg\" alt=\"fb7d78bc-30ed-4c4e-b1a2-e74344ff7f1e\" width=\"300\" height=\"200\" srcset=\"https:\/\/valdelsacorse.it\/wp-content\/uploads\/2021\/12\/fb7d78bc-30ed-4c4e-b1a2-e74344ff7f1e-300x200.jpg 300w, https:\/\/valdelsacorse.it\/wp-content\/uploads\/2021\/12\/fb7d78bc-30ed-4c4e-b1a2-e74344ff7f1e-768x512.jpg 768w, https:\/\/valdelsacorse.it\/wp-content\/uploads\/2021\/12\/fb7d78bc-30ed-4c4e-b1a2-e74344ff7f1e-1024x682.jpg 1024w, https:\/\/valdelsacorse.it\/wp-content\/uploads\/2021\/12\/fb7d78bc-30ed-4c4e-b1a2-e74344ff7f1e-225x150.jpg 225w, https:\/\/valdelsacorse.it\/wp-content\/uploads\/2021\/12\/fb7d78bc-30ed-4c4e-b1a2-e74344ff7f1e-150x100.jpg 150w, https:\/\/valdelsacorse.it\/wp-content\/uploads\/2021\/12\/fb7d78bc-30ed-4c4e-b1a2-e74344ff7f1e.jpg 2048w\" sizes=\"auto, (max-width: 300px) 100vw, 300px\" \/><\/a><br \/>\n<\/span><\/p>\n","protected":false},"excerpt":{"rendered":"<p>Al Fettunta, quest\u2019anno si ricorda Vareno Grassini. Il trofeo che porta il suo nome, una coppa in cristallo di Colle Val d\u2019Elsa che rappresenta un orcio richiamando l\u2019olio del territorio ma anche la citt\u00e0 natale di Vareno, sar\u00e0 assegnato a chi segner\u00e0 il miglior tempo nell\u2019ultima prova speciale (Campoli3) che\u2026<\/p>\n<p> <a class=\"continue-reading-link\" href=\"https:\/\/valdelsacorse.it\/?p=1726\"><span>Continua a leggere<\/span><i class=\"crycon-right-dir\"><\/i><\/a> <\/p>\n","protected":false},"author":1,"featured_media":0,"comment_status":"closed","ping_status":"closed","sticky":false,"template":"","format":"standard","meta":{"ngg_post_thumbnail":0,"footnotes":""},"categories":[8],"tags":[],"class_list":["post-1726","post","type-post","status-publish","format-standard","hentry","category-edizione-2021"],"_links":{"self":[{"href":"https:\/\/valdelsacorse.it\/index.php?rest_route=\/wp\/v2\/posts\/1726","targetHints":{"allow":["GET"]}}],"collection":[{"href":"https:\/\/valdelsacorse.it\/index.php?rest_route=\/wp\/v2\/posts"}],"about":[{"href":"https:\/\/valdelsacorse.it\/index.php?rest_route=\/wp\/v2\/types\/post"}],"author":[{"embeddable":true,"href":"https:\/\/valdelsacorse.it\/index.php?rest_route=\/wp\/v2\/users\/1"}],"replies":[{"embeddable":true,"href":"https:\/\/valdelsacorse.it\/index.php?rest_route=%2Fwp%2Fv2%2Fcomments&post=1726"}],"version-history":[{"count":3,"href":"https:\/\/valdelsacorse.it\/index.php?rest_route=\/wp\/v2\/posts\/1726\/revisions"}],"predecessor-version":[{"id":1731,"href":"https:\/\/valdelsacorse.it\/index.php?rest_route=\/wp\/v2\/posts\/1726\/revisions\/1731"}],"wp:attachment":[{"href":"https:\/\/valdelsacorse.it\/index.php?rest_route=%2Fwp%2Fv2%2Fmedia&parent=1726"}],"wp:term":[{"taxonomy":"category","embeddable":true,"href":"https:\/\/valdelsacorse.it\/index.php?rest_route=%2Fwp%2Fv2%2Fcategories&post=1726"},{"taxonomy":"post_tag","embeddable":true,"href":"https:\/\/valdelsacorse.it\/index.php?rest_route=%2Fwp%2Fv2%2Ftags&post=1726"}],"curies":[{"name":"wp","href":"https:\/\/api.w.org\/{rel}","templated":true}]}}