{"id":1469,"date":"2019-12-08T20:38:05","date_gmt":"2019-12-08T20:38:05","guid":{"rendered":"https:\/\/nmdesign.it\/?p=1469"},"modified":"2019-12-08T20:53:53","modified_gmt":"2019-12-08T20:53:53","slug":"fettunta-luciano-darcio-su-tutti-benvenuti-a-un-soffio-terzo-il-pilota-di-casa-il-sancascianese-giacomo-matteuzzi","status":"publish","type":"post","link":"https:\/\/valdelsacorse.it\/?p=1469","title":{"rendered":"Fettunta: Luciano D\u2019Arcio su tutti, Benvenuti a un soffio  Terzo il pilota di casa, il sancascianese Giacomo Matteuzzi"},"content":{"rendered":"<p><strong>ettunta: Luciano D\u2019Arcio su tutti, Benvenuti a un soffio&nbsp;<\/strong><\/p>\n<p><strong>Terzo il pilota di casa, il sancascianese Giacomo Matteuzzi<\/strong><\/p>\n<p><em>L\u2019emiliano, con Marinella Bonaiti come navigatore, ha costruito la vittoria speciale dopo speciale; secondo posto per Paolo Benvenuti e Giulia Patrone. Medaglia di bronzo per Giacomo Matteuzzi con Alessandro La Ferla<\/em><\/p>\n<p>Barberino-Tavarnelle 8\/12\/19<\/p>\n<p>Bandiera a scacchi al Fettunta, il rallyday organizzato dalla Valdelsa Corse nel Chianti. Alla fine l\u2019ha spuntata Luciano D\u2019Arcio con Mariella Bonaiti su Clio Williams: la navigatrice ha festeggiato la prima vittoria assoluta nel giorno del suo compleanno. L\u2019equipaggio emiliano ha costruito la sua vittoria speciale dopo speciale. D\u2019Arcio, profondo conoscitore delle prove \u00e8 alla sua terza vittoria assoluta nel Fettunta. \u00abUna gara difficile \u2013 ha detto all\u2019arrivo \u2013 soprattutto in mattinata dove abbiamo patito la scarsa aderenza della Clio per l\u2019asfalto viscido. Ma poi la situazione \u00e8 migliorata e siamo riusciti a fare buone cose\u00bb. Che fosse una giornata s\u00ec per D\u2019Arcio lo si \u00e8 capito fin dalle prime prove. Oltre ai buoni risultati in strada, anche la fortuna si \u00e8 alleata con il pilota di Reggio Emilia: uno dei principali competitor, il pisano Michele Rovatti \u00e8 finito fuori gioco per guasto tecnico alla sua Peugeot 106; successivamente anche Andrea Mazzocchi si \u00e8 fermato per un problema al motorino d\u2019avviamento subito dopo un controllo orario.&nbsp;<\/p>\n<p>Al secondo posto Paolo Benvenuti e Giulia Patrone (premiata come la pi\u00f9 giovane navigatrice in gara) su Clio S, arrivati a 5,8 secondi dal primo. \u00abOggi D\u2019Arcio aveva veramente un \u2018piedone\u2019 \u2013 ha detto Benvenuti \u2013 all\u2019ultima speciale abbiamo puntato a mantenere la posizione, visto che superare Luciano era praticamente impossibile). Terzo gradino del podio, come nella scorsa edizione e primo di classe, per Giacomo Matteuzzi da San Casciano, con la sua Clio Rs, e Alessandro La Ferla a fargli da navigatore.&nbsp;<\/p>\n<p>Quarto posto per Francesco Paolini, il vincitore della scorsa edizione, che stavolta insieme a Marco Nesti \u00e8 rimasto sempre nell\u2019alta classifica, ma non ha piazzato la zampata per portare la sua Clio Rs sul podio o bissare il successo del 2018. Sesta posizione anche per Simone Borghi (Valdelsa Corse) ed Eugenio Alfieri con la Clio Williams. Per loro un distacco di 47,8 da D\u2019Arcio. Nella R2B, primo di classe Chistopher Lucchesi su Peugeot 208 in equipaggio con la mamma Titti Ghilardi a fargli da navigatore. Tra gli outsider da segnalare la buona prestazione di Christian Buccino con Daniela Stagno su Honda Civic praticamente di serie e preparata in proprio. E\u2019 finito 13esimo assoluto.&nbsp;<\/p>\n<p>Soddisfazione espressa dalla Valdelsa Corse, organizzatrice della gara; ben riuscito anche il raduno di auto di interesse storico. Le vetture hanno percorso 84 chilometri, con partenza da Barberino Valdelsa e passaggi da Sambuca, San Casciano, Panzano in Chianti e l\u2019arrivo a Tavarnelle.&nbsp;<\/p>\n<p><a href=\"https:\/\/valdelsacorse.it\/wp-content\/uploads\/2019\/12\/valdelsacorse-2019-ok.jpg\" target=\"_blank\"><img loading=\"lazy\" decoding=\"async\" class=\"alignnone wp-image-1476 size-large\" src=\"https:\/\/valdelsacorse.it\/wp-content\/uploads\/2019\/12\/valdelsacorse-2019-ok-1024x768.jpg\" alt=\"valdelsacorse 2019 - ok\" width=\"900\" height=\"675\" srcset=\"https:\/\/valdelsacorse.it\/wp-content\/uploads\/2019\/12\/valdelsacorse-2019-ok-1024x768.jpg 1024w, https:\/\/valdelsacorse.it\/wp-content\/uploads\/2019\/12\/valdelsacorse-2019-ok-300x225.jpg 300w, https:\/\/valdelsacorse.it\/wp-content\/uploads\/2019\/12\/valdelsacorse-2019-ok-768x576.jpg 768w, https:\/\/valdelsacorse.it\/wp-content\/uploads\/2019\/12\/valdelsacorse-2019-ok-200x150.jpg 200w, https:\/\/valdelsacorse.it\/wp-content\/uploads\/2019\/12\/valdelsacorse-2019-ok-150x113.jpg 150w, https:\/\/valdelsacorse.it\/wp-content\/uploads\/2019\/12\/valdelsacorse-2019-ok.jpg 2016w\" sizes=\"auto, (max-width: 900px) 100vw, 900px\" \/><\/a><\/p>\n<p>&nbsp;<\/p>\n","protected":false},"excerpt":{"rendered":"<p>ettunta: Luciano D\u2019Arcio su tutti, Benvenuti a un soffio&nbsp; Terzo il pilota di casa, il sancascianese Giacomo Matteuzzi L\u2019emiliano, con Marinella Bonaiti come navigatore, ha costruito la vittoria speciale dopo speciale; secondo posto per Paolo Benvenuti e Giulia Patrone. Medaglia di bronzo per Giacomo Matteuzzi con Alessandro La Ferla Barberino-Tavarnelle\u2026<\/p>\n<p> <a class=\"continue-reading-link\" href=\"https:\/\/valdelsacorse.it\/?p=1469\"><span>Continua a leggere<\/span><i class=\"crycon-right-dir\"><\/i><\/a> <\/p>\n","protected":false},"author":1,"featured_media":0,"comment_status":"closed","ping_status":"closed","sticky":false,"template":"","format":"standard","meta":{"ngg_post_thumbnail":0,"footnotes":""},"categories":[7],"tags":[],"class_list":["post-1469","post","type-post","status-publish","format-standard","hentry","category-edizione-2019"],"_links":{"self":[{"href":"https:\/\/valdelsacorse.it\/index.php?rest_route=\/wp\/v2\/posts\/1469","targetHints":{"allow":["GET"]}}],"collection":[{"href":"https:\/\/valdelsacorse.it\/index.php?rest_route=\/wp\/v2\/posts"}],"about":[{"href":"https:\/\/valdelsacorse.it\/index.php?rest_route=\/wp\/v2\/types\/post"}],"author":[{"embeddable":true,"href":"https:\/\/valdelsacorse.it\/index.php?rest_route=\/wp\/v2\/users\/1"}],"replies":[{"embeddable":true,"href":"https:\/\/valdelsacorse.it\/index.php?rest_route=%2Fwp%2Fv2%2Fcomments&post=1469"}],"version-history":[{"count":5,"href":"https:\/\/valdelsacorse.it\/index.php?rest_route=\/wp\/v2\/posts\/1469\/revisions"}],"predecessor-version":[{"id":1478,"href":"https:\/\/valdelsacorse.it\/index.php?rest_route=\/wp\/v2\/posts\/1469\/revisions\/1478"}],"wp:attachment":[{"href":"https:\/\/valdelsacorse.it\/index.php?rest_route=%2Fwp%2Fv2%2Fmedia&parent=1469"}],"wp:term":[{"taxonomy":"category","embeddable":true,"href":"https:\/\/valdelsacorse.it\/index.php?rest_route=%2Fwp%2Fv2%2Fcategories&post=1469"},{"taxonomy":"post_tag","embeddable":true,"href":"https:\/\/valdelsacorse.it\/index.php?rest_route=%2Fwp%2Fv2%2Ftags&post=1469"}],"curies":[{"name":"wp","href":"https:\/\/api.w.org\/{rel}","templated":true}]}}