{"id":1437,"date":"2019-12-07T09:23:52","date_gmt":"2019-12-07T09:23:52","guid":{"rendered":"https:\/\/nmdesign.it\/?p=1437"},"modified":"2019-12-07T09:24:49","modified_gmt":"2019-12-07T09:24:49","slug":"laltro-fettuntavaldelsa-corse-e-concessionari-elsauto-rinnovano-la-collaborazione-per-il-rally","status":"publish","type":"post","link":"https:\/\/valdelsacorse.it\/?p=1437","title":{"rendered":"L\u2019ALTRO FETTUNTA\/VALDELSA CORSE E CONCESSIONARI ELSAUTO RINNOVANO LA COLLABORAZIONE PER IL RALLY"},"content":{"rendered":"<p>&nbsp;&nbsp; Sinergie virtuose sullo sfondo del Rally della Fettunta, in un proficuo connubio fra sport e imprese: cos\u00ec prosegue la collaborazione tra la <strong><em>Valdelsa Corse <\/em><\/strong>e la concessionaria automobilistica <strong><em>Elsauto<\/em><\/strong> anche in questa edizione della manifestazione. \u201cSi rinnova anche nell\u2019edizione 2019 del Rally della Fettunta la collaborazione tra la Valdelsa Corse e le societ\u00e0 e le industrie che operano sul territorio \u2013 dichiara il <strong>vicepresidente della Valdelsa Corse<\/strong> <strong>Alessandro Montermini<\/strong> &#8211; Una fra queste \u00e8 Elsauto, concessionari del gruppo Volkswagen, che ci d\u00e0 tre auto di servizio per seguire come organizzazione lo svolgimento della gara\u201d.&nbsp; \u201cQuest&#8217;anno \u2013 spiega Montermini &#8211; siamo con modelli T-Roc e T-Cross e ci sar\u00e0 esposto sulla pedana di arrivo, sabato e domenica, la nuova versione del Touareg. Quindi tutta la gamma suv del gruppo Volkswagen in collaborazione con Elsauto, che ringraziamo, si far\u00e0 vedere durante il Rally della Fettunta. E&#8217; bello durante la manifestazione vedere belle auto adesivate , con i nostri adesivi e i loro adesivi, cosa che fa parte del folklore della gara e d\u00e0 visibilit\u00e0 alle industrie. Visibilit\u00e0 in cambio di un servizio, in questo caso\u201d.<strong><em>(red)<\/em><\/strong>.<\/p>\n<p>&nbsp;&nbsp;<a href=\"https:\/\/valdelsacorse.it\/wp-content\/uploads\/2019\/12\/ELSAUTO.jpg\"><img loading=\"lazy\" decoding=\"async\" class=\"alignnone wp-image-1438 size-large\" src=\"https:\/\/valdelsacorse.it\/wp-content\/uploads\/2019\/12\/ELSAUTO-1024x768.jpg\" alt=\"ELSAUTO\" width=\"900\" height=\"675\" srcset=\"https:\/\/valdelsacorse.it\/wp-content\/uploads\/2019\/12\/ELSAUTO.jpg 1024w, https:\/\/valdelsacorse.it\/wp-content\/uploads\/2019\/12\/ELSAUTO-300x225.jpg 300w, https:\/\/valdelsacorse.it\/wp-content\/uploads\/2019\/12\/ELSAUTO-768x576.jpg 768w, https:\/\/valdelsacorse.it\/wp-content\/uploads\/2019\/12\/ELSAUTO-200x150.jpg 200w, https:\/\/valdelsacorse.it\/wp-content\/uploads\/2019\/12\/ELSAUTO-150x113.jpg 150w\" sizes=\"auto, (max-width: 900px) 100vw, 900px\" \/><\/a><\/p>\n","protected":false},"excerpt":{"rendered":"<p>&nbsp;&nbsp; Sinergie virtuose sullo sfondo del Rally della Fettunta, in un proficuo connubio fra sport e imprese: cos\u00ec prosegue la collaborazione tra la Valdelsa Corse e la concessionaria automobilistica Elsauto anche in questa edizione della manifestazione. \u201cSi rinnova anche nell\u2019edizione 2019 del Rally della Fettunta la collaborazione tra la Valdelsa\u2026<\/p>\n<p> <a class=\"continue-reading-link\" href=\"https:\/\/valdelsacorse.it\/?p=1437\"><span>Continua a leggere<\/span><i class=\"crycon-right-dir\"><\/i><\/a> <\/p>\n","protected":false},"author":1,"featured_media":0,"comment_status":"closed","ping_status":"closed","sticky":false,"template":"","format":"standard","meta":{"ngg_post_thumbnail":0,"footnotes":""},"categories":[7],"tags":[],"class_list":["post-1437","post","type-post","status-publish","format-standard","hentry","category-edizione-2019"],"_links":{"self":[{"href":"https:\/\/valdelsacorse.it\/index.php?rest_route=\/wp\/v2\/posts\/1437","targetHints":{"allow":["GET"]}}],"collection":[{"href":"https:\/\/valdelsacorse.it\/index.php?rest_route=\/wp\/v2\/posts"}],"about":[{"href":"https:\/\/valdelsacorse.it\/index.php?rest_route=\/wp\/v2\/types\/post"}],"author":[{"embeddable":true,"href":"https:\/\/valdelsacorse.it\/index.php?rest_route=\/wp\/v2\/users\/1"}],"replies":[{"embeddable":true,"href":"https:\/\/valdelsacorse.it\/index.php?rest_route=%2Fwp%2Fv2%2Fcomments&post=1437"}],"version-history":[{"count":1,"href":"https:\/\/valdelsacorse.it\/index.php?rest_route=\/wp\/v2\/posts\/1437\/revisions"}],"predecessor-version":[{"id":1439,"href":"https:\/\/valdelsacorse.it\/index.php?rest_route=\/wp\/v2\/posts\/1437\/revisions\/1439"}],"wp:attachment":[{"href":"https:\/\/valdelsacorse.it\/index.php?rest_route=%2Fwp%2Fv2%2Fmedia&parent=1437"}],"wp:term":[{"taxonomy":"category","embeddable":true,"href":"https:\/\/valdelsacorse.it\/index.php?rest_route=%2Fwp%2Fv2%2Fcategories&post=1437"},{"taxonomy":"post_tag","embeddable":true,"href":"https:\/\/valdelsacorse.it\/index.php?rest_route=%2Fwp%2Fv2%2Ftags&post=1437"}],"curies":[{"name":"wp","href":"https:\/\/api.w.org\/{rel}","templated":true}]}}