{"id":1184,"date":"2018-12-16T16:33:19","date_gmt":"2018-12-16T16:33:19","guid":{"rendered":"https:\/\/nmdesign.it\/?p=1184"},"modified":"2018-12-16T16:46:56","modified_gmt":"2018-12-16T16:46:56","slug":"francesco-paolini-vince-un-fettunta-incerto-fino-al-termine-con-nesti-e-la-clio-r3-mette-il-sigillo-sulledizione-40","status":"publish","type":"post","link":"https:\/\/valdelsacorse.it\/?p=1184","title":{"rendered":"FRANCESCO PAOLINI VINCE UN FETTUNTA INCERTO FINO AL TERMINE.  CON NESTI E LA CLIO R3 METTE IL SIGILLO SULL\u2019EDIZIONE 40"},"content":{"rendered":"<p><strong>Secondo posto per i fiorentini Ancillotti-Sanesi sulla 208.&nbsp;<\/strong><strong>I locali Matteuzzi e La Ferla terzi sul podio con la Clio turbo.&nbsp;<\/strong><strong>D\u2019Arcio vola ma si rompe un semiasse e cede il primo posto&nbsp; <\/strong><\/p>\n<p>Luciano D\u2019Arcio stava andando dritto alla vittoria della tripletta ma il suo volo si \u00e8 interrotto a causa della rottura di un semiasse. E dalla bagarre alle sue spalle emerge il grossetano <strong><u>Francesco Paolini<\/u><\/strong><u>, con <strong>Marco Nesti<\/strong> alle note, sulla Renault Clio R3 della Smd <\/u>che arpiona il primo posto assoluto mettendo il sigillo sull\u2019edizione numero 40 del Rally della Fettunta. \u201cE\u2019 la gara pi\u00f9 difficile che ho fatto \u2013 ha detto il pilota di Montieri con gli occhi lucidi, emozionato mentre si avvia a salire sul palco di arrivo a Barberino Val d\u2019Elsa \u2013 Certamente il problema di D\u2019Arcio ci ha agevolato ma \u00e8 stato complicato tenere testa a tutti gli altri, che hanno dato il massimo su un percorso tecnico reso pi\u00f9 insidioso dalla pioggia\u201d. Al secondo posto, a 7\u2019\u2019, si \u00e8 piazzato l\u2019equipaggio fiorentino formato da <strong>Lorenzo Ancillotti <\/strong>e<strong> Sandro Sanesi<\/strong>, su Peugeot 208 R2B, che hanno firmato anche uno scratch sull\u2019ultima prova dopo aver esaltato sul viscido le caratteristiche della loro vettura. Terzi i sancascianesi <strong>Giacomo Matteuzzi e<\/strong> <strong>Alessandro La Ferla<\/strong>, sull\u2019indomita Renault Clio turbo a 8\u2019\u20193. Matteuzzi ha vinto una prova speciale ma ha commesso un paio di errori senza i quali poteva avere una classifica migliore.<\/p>\n<p>A inizio gara D\u2019Arcio ha fatto il vuoto sulle prime due prove speciali, scavando una notevole distanza dagli inseguitori, e al riordino di Tavarnelle era convinto di firmare la tripletta. Ma poi sulla ps3 Campoli ha rotto un semiasse: anche se ha potuto proseguire ha perso tutto il vantaggio accumulato ed \u00e8 retrocesso in classifica. Paolini \u00e8 andato in testa alla classifica e non ha mollato pi\u00f9 il primo posto, mentre D\u2019Arcio tentava la rimonta, vincendo il secondo passaggio su Campoli (ps 5). Alla ps finale di Tignano, dietro a Paolini, c\u2019erano tre piloti in quattro decimi di secondo: Matteuzzi,&nbsp; poi Ancillotti e D\u2019Arcio a pari merito. Il pilota emiliano per\u00f2 \u00e8 stato tradito dal motore che si \u00e8 spento mentre sotto Cortine stava affrontando una staccata in sesta marcia ed \u00e8 uscito di strada, rientrando poi grazie anche a degli spettatori.<\/p>\n<p>Quarto posto per il regolare <strong>Fabio<\/strong> <strong>Bolognesi<\/strong> su Mitsubishi Lancer Evo IX, nonostante una foratura lenta sulla ps 5, primo di gruppo N,&nbsp; che chiude la stagione delle vetture N4 nei rallyday per il cambio di regolamenti del 2019. Quinto posto per un\u2019eccellente prestazione del romano <strong>Roberto Di Giulio<\/strong>, sulla Clio Rs N3, autore di ottimi tempi. Nel Femminile hanno vinto <strong>Luciana Bandini <\/strong>con<strong> Rita Ferrari<\/strong>, alla prima volta con una Peugeot 208 R2B. In A7 vittoria di <strong>Massimiliano Boldrini<\/strong> su Clio Williams (sesto assoluto) della&nbsp; Valdelsa Corse. Tra le Super 1600 ha primeggiato il locale <strong>Andrea Mazzocchi<\/strong> all\u2019esordio con una Clio S1600. Tra le altre vittorie di classe, nella R1B <strong>Matteo Corti<\/strong> ha primeggiato nella sfida tra amici di Tavarnelle con le piccole Suzuki Swift, seguito da <strong>Andrea Bossini<\/strong> e <strong>Lorenzo Anichini<\/strong>. In N2 dominio e vittoria del fiesolano <strong>Alessandro Losi<\/strong>, con <strong>Simone Falciani<\/strong>, a cui \u00e8 andata la targa in memoria di Davide Tulipani. Gli altri vincitori di classe: i fiorentini <strong>Santoni-Butelli<\/strong> nella A0 su Fiat Seicento, <strong>Pilat-Marcon <\/strong>su Peugeot 205 Rallye della scuderia Prealpi nella A5, i pistoiesi <strong>Cassano-Natalini<\/strong> nella N1 su MG Rover. Questi equipaggi hanno preso la testa della loro classe fino dalla prima ps senza cedere mail il comando. Nella classe A6 i veneti <strong>Miranda-Doriguzzi Breatta<\/strong> hanno prevalso avendo ragione dell\u2019equipaggio della Valdelsa Corse <strong>Fei-Pistolesi<\/strong> che comunque era stato in testa fino a met\u00e0 gara e non ha mai mollato. <strong><em>(Ufficio stampa)<\/em><\/strong>.<\/p>\n<p><img loading=\"lazy\" decoding=\"async\" class=\"alignnone size-full wp-image-1151\" src=\"https:\/\/valdelsacorse.it\/wp-content\/uploads\/2018\/12\/vince-paolini.jpg\" alt=\"vince-paolini\" width=\"1920\" height=\"1280\" srcset=\"https:\/\/valdelsacorse.it\/wp-content\/uploads\/2018\/12\/vince-paolini.jpg 1920w, https:\/\/valdelsacorse.it\/wp-content\/uploads\/2018\/12\/vince-paolini-300x200.jpg 300w, https:\/\/valdelsacorse.it\/wp-content\/uploads\/2018\/12\/vince-paolini-768x512.jpg 768w, https:\/\/valdelsacorse.it\/wp-content\/uploads\/2018\/12\/vince-paolini-1024x683.jpg 1024w, https:\/\/valdelsacorse.it\/wp-content\/uploads\/2018\/12\/vince-paolini-225x150.jpg 225w, https:\/\/valdelsacorse.it\/wp-content\/uploads\/2018\/12\/vince-paolini-150x100.jpg 150w\" sizes=\"auto, (max-width: 1920px) 100vw, 1920px\" \/><\/p>\n","protected":false},"excerpt":{"rendered":"<p>Secondo posto per i fiorentini Ancillotti-Sanesi sulla 208.&nbsp;I locali Matteuzzi e La Ferla terzi sul podio con la Clio turbo.&nbsp;D\u2019Arcio vola ma si rompe un semiasse e cede il primo posto&nbsp; Luciano D\u2019Arcio stava andando dritto alla vittoria della tripletta ma il suo volo si \u00e8 interrotto a causa della\u2026<\/p>\n<p> <a class=\"continue-reading-link\" href=\"https:\/\/valdelsacorse.it\/?p=1184\"><span>Continua a leggere<\/span><i class=\"crycon-right-dir\"><\/i><\/a> <\/p>\n","protected":false},"author":1,"featured_media":1151,"comment_status":"closed","ping_status":"closed","sticky":false,"template":"","format":"standard","meta":{"ngg_post_thumbnail":0,"footnotes":""},"categories":[6],"tags":[],"class_list":["post-1184","post","type-post","status-publish","format-standard","has-post-thumbnail","hentry","category-edizione-2018"],"_links":{"self":[{"href":"https:\/\/valdelsacorse.it\/index.php?rest_route=\/wp\/v2\/posts\/1184","targetHints":{"allow":["GET"]}}],"collection":[{"href":"https:\/\/valdelsacorse.it\/index.php?rest_route=\/wp\/v2\/posts"}],"about":[{"href":"https:\/\/valdelsacorse.it\/index.php?rest_route=\/wp\/v2\/types\/post"}],"author":[{"embeddable":true,"href":"https:\/\/valdelsacorse.it\/index.php?rest_route=\/wp\/v2\/users\/1"}],"replies":[{"embeddable":true,"href":"https:\/\/valdelsacorse.it\/index.php?rest_route=%2Fwp%2Fv2%2Fcomments&post=1184"}],"version-history":[{"count":5,"href":"https:\/\/valdelsacorse.it\/index.php?rest_route=\/wp\/v2\/posts\/1184\/revisions"}],"predecessor-version":[{"id":1193,"href":"https:\/\/valdelsacorse.it\/index.php?rest_route=\/wp\/v2\/posts\/1184\/revisions\/1193"}],"wp:featuredmedia":[{"embeddable":true,"href":"https:\/\/valdelsacorse.it\/index.php?rest_route=\/wp\/v2\/media\/1151"}],"wp:attachment":[{"href":"https:\/\/valdelsacorse.it\/index.php?rest_route=%2Fwp%2Fv2%2Fmedia&parent=1184"}],"wp:term":[{"taxonomy":"category","embeddable":true,"href":"https:\/\/valdelsacorse.it\/index.php?rest_route=%2Fwp%2Fv2%2Fcategories&post=1184"},{"taxonomy":"post_tag","embeddable":true,"href":"https:\/\/valdelsacorse.it\/index.php?rest_route=%2Fwp%2Fv2%2Ftags&post=1184"}],"curies":[{"name":"wp","href":"https:\/\/api.w.org\/{rel}","templated":true}]}}