{"id":1073,"date":"2018-11-28T20:37:14","date_gmt":"2018-11-28T20:37:14","guid":{"rendered":"https:\/\/nmdesign.it\/?p=1073"},"modified":"2019-02-21T20:52:42","modified_gmt":"2019-02-21T20:52:42","slug":"fettunta-il-saluto-dei-sindaci-di-barberino-e-tavarnelle-trentanovi-e-baroncelli-rally-e-nostra-antica-passione","status":"publish","type":"post","link":"https:\/\/valdelsacorse.it\/?p=1073","title":{"rendered":"FETTUNTA, IL SALUTO DEI SINDACI DI BARBERINO E TAVARNELLE  TRENTANOVI E BARONCELLI: \u2018RALLY E\u2019 NOSTRA ANTICA PASSIONE\u2019"},"content":{"rendered":"<p>Pubblichiamo il saluto integrale dei sindaci di Barberino Val d\u2019Elsa, Giacomo Trentanovi, e di Tavarnelle Val di Pesa, David Baroncelli, al Rally della Fettunta 2018, in cui fanno anche riferimento al recente referendum in cui la popolazione dei due comuni ha approvato la fusione. Barberino e Tavarnelle diventeranno dal 2019 un comune unico. Ecco il testo: <em>\u201cIn qualit\u00e0 di vicini di casa, prossimi alla riunificazione, siamo felici di accompagnare un\u2019edizione speciale del Rally della&nbsp;Fettunta, in cui i comuni di Barberino e Tavarnelle si stringono la mano nel nome di uno sport che li vede uniti da tempo, legati da un\u2019antica passione. Alcuni dei pi\u00f9 talentuosi piloti italiani correranno per le strade del Chianti e della Valdelsa con l\u2019obiettivo di tagliare un traguardo nel cuore \u2018medievale\u2019 della Toscana. L\u2019arrivo torna infatti dopo tanti anni nel centro storico di Barberino Val d\u2019Elsa. Ed \u00e8 questa una delle pi\u00f9 importanti novit\u00e0 di quest&#8217;anno.&nbsp;Invasa dai profumi dell\u2019olio novo appena franto e gi\u00e0 in tavola, la manifestazione si prepara ad accogliere una passione che ha 40 edizioni all&#8217;attivo e si intreccia a nomi, emozioni, gare che hanno scritto la storia del rally italiano. Il Rally della&nbsp;Fettunta&nbsp;\u00e8 una ricetta che alimenta amore per il mondo automobilistico, promozione del territorio e come tale resiste ai secoli e alle mode.<\/em><\/p>\n<p><em>La manifestazione si afferma nel panorama nazionale grazie alla competenza e alla passione della scuderia Valdelsa Corse, supportata dal sostegno dei Comuni di Barberino Val d&#8217;Elsa e Tavarnelle Val di Pesa, in collaborazione con i Comuni di San Casciano Val di Pesa e Castellina in Chianti. L&#8217;iniziativa \u00e8 anche un\u2019occasione per qualificare il territorio in un periodo generalmente non vocato all\u2019affluenza turistica proponendo un week end denso di eventi volti alla promozione e alla valorizzazione del territorio.&nbsp;Una vetrina per il territorio, la sua lunga storia, intensa e popolare, legata al mondo delle quattro ruote, la sua vocazione al turismo sportivo e all&#8217;accoglienza, fatta di cultura, biodiversit\u00e0 e identit\u00e0 rurale. La kermesse diventa anche un&#8217;occasione per conoscere e riscoprire il ricco patrimonio culturale e paesaggistico&nbsp;<\/em><em>dove lo scorso anno le strutture ricettive hanno fatto il pieno stimando la presenza di circa 8000 persone\u201d.<\/em><\/p>\n<p><a href=\"https:\/\/valdelsacorse.it\/wp-content\/uploads\/2018\/11\/SINDACI-rally_fettunta.jpg\" target=\"_blank\"><img loading=\"lazy\" decoding=\"async\" class=\"alignnone wp-image-1075 size-full\" src=\"https:\/\/valdelsacorse.it\/wp-content\/uploads\/2018\/11\/SINDACI-rally_fettunta.jpg\" alt=\"SINDACI rally_fettunta\" width=\"640\" height=\"480\" srcset=\"https:\/\/valdelsacorse.it\/wp-content\/uploads\/2018\/11\/SINDACI-rally_fettunta.jpg 640w, https:\/\/valdelsacorse.it\/wp-content\/uploads\/2018\/11\/SINDACI-rally_fettunta-300x225.jpg 300w, https:\/\/valdelsacorse.it\/wp-content\/uploads\/2018\/11\/SINDACI-rally_fettunta-200x150.jpg 200w, https:\/\/valdelsacorse.it\/wp-content\/uploads\/2018\/11\/SINDACI-rally_fettunta-150x113.jpg 150w\" sizes=\"auto, (max-width: 640px) 100vw, 640px\" \/><\/a><\/p>\n<p>&nbsp;<\/p>\n<p><strong>&nbsp;<\/strong><\/p>\n","protected":false},"excerpt":{"rendered":"<p>Pubblichiamo il saluto integrale dei sindaci di Barberino Val d\u2019Elsa, Giacomo Trentanovi, e di Tavarnelle Val di Pesa, David Baroncelli, al Rally della Fettunta 2018, in cui fanno anche riferimento al recente referendum in cui la popolazione dei due comuni ha approvato la fusione. Barberino e Tavarnelle diventeranno dal 2019\u2026<\/p>\n<p> <a class=\"continue-reading-link\" href=\"https:\/\/valdelsacorse.it\/?p=1073\"><span>Continua a leggere<\/span><i class=\"crycon-right-dir\"><\/i><\/a> <\/p>\n","protected":false},"author":1,"featured_media":1075,"comment_status":"closed","ping_status":"closed","sticky":false,"template":"","format":"standard","meta":{"ngg_post_thumbnail":0,"footnotes":""},"categories":[6],"tags":[],"class_list":["post-1073","post","type-post","status-publish","format-standard","has-post-thumbnail","hentry","category-edizione-2018"],"_links":{"self":[{"href":"https:\/\/valdelsacorse.it\/index.php?rest_route=\/wp\/v2\/posts\/1073","targetHints":{"allow":["GET"]}}],"collection":[{"href":"https:\/\/valdelsacorse.it\/index.php?rest_route=\/wp\/v2\/posts"}],"about":[{"href":"https:\/\/valdelsacorse.it\/index.php?rest_route=\/wp\/v2\/types\/post"}],"author":[{"embeddable":true,"href":"https:\/\/valdelsacorse.it\/index.php?rest_route=\/wp\/v2\/users\/1"}],"replies":[{"embeddable":true,"href":"https:\/\/valdelsacorse.it\/index.php?rest_route=%2Fwp%2Fv2%2Fcomments&post=1073"}],"version-history":[{"count":4,"href":"https:\/\/valdelsacorse.it\/index.php?rest_route=\/wp\/v2\/posts\/1073\/revisions"}],"predecessor-version":[{"id":1084,"href":"https:\/\/valdelsacorse.it\/index.php?rest_route=\/wp\/v2\/posts\/1073\/revisions\/1084"}],"wp:featuredmedia":[{"embeddable":true,"href":"https:\/\/valdelsacorse.it\/index.php?rest_route=\/wp\/v2\/media\/1075"}],"wp:attachment":[{"href":"https:\/\/valdelsacorse.it\/index.php?rest_route=%2Fwp%2Fv2%2Fmedia&parent=1073"}],"wp:term":[{"taxonomy":"category","embeddable":true,"href":"https:\/\/valdelsacorse.it\/index.php?rest_route=%2Fwp%2Fv2%2Fcategories&post=1073"},{"taxonomy":"post_tag","embeddable":true,"href":"https:\/\/valdelsacorse.it\/index.php?rest_route=%2Fwp%2Fv2%2Ftags&post=1073"}],"curies":[{"name":"wp","href":"https:\/\/api.w.org\/{rel}","templated":true}]}}